{"id":10101,"date":"2018-02-01T12:12:59","date_gmt":"2018-02-01T12:12:59","guid":{"rendered":"http:\/\/radiostargjilan.com\/web\/?p=10101"},"modified":"2018-02-01T12:12:59","modified_gmt":"2018-02-01T12:12:59","slug":"ah-gjilan-sa-shume-kujtime-kane-lene-gjurmet-e-jetes","status":"publish","type":"post","link":"https:\/\/radiostargjilan.com\/web\/ah-gjilan-sa-shume-kujtime-kane-lene-gjurmet-e-jetes\/","title":{"rendered":"Ah Gjilan! Sa shum\u00eb kujtime kan\u00eb l\u00ebn\u00eb gjurm\u00ebt e jet\u00ebs\u2026!"},"content":{"rendered":"<p>Ah Gjilan! Sa shum\u00eb kujtime kan\u00eb l\u00ebn\u00eb gjurm\u00ebt e jet\u00ebs\u2026!<\/p>\n<p>Jeta ashtu si\u00e7 ishte, e natyrshme dhe me lezet!<\/p>\n<p>Gjilani dikur dhe sot \u2013 n\u00ebp\u00ebr ngjyrate e koh\u00ebs!<\/p>\n<p>Me \u00e7ka mbuloheshin muret e sht\u00ebpive? Kur u hap shkolla \u201cMusa Zajmi\u201d? Ku mbushnin uj\u00eb gjat\u00eb Ramazanit? Cili nx\u00ebn\u00ebs u b\u00eb fotografist? Te furrat e kujt blenin pitalka p\u00ebr syfyr? Ku rr\u00ebshqitnin gjat\u00eb dimrit f\u00ebmij\u00ebt e lagj\u00ebs? Kur erdhi rryma elektrike n\u00eb qytet?\u2026<\/p>\n<p>2.<\/p>\n<p>Ah Gjilan\u2026!<\/p>\n<p>Axha Emin kishte nj\u00eb dud t\u00eb madh, mashkull, n\u00eb oborr. N\u00ebn hije t\u00eb dudit, Shasivari i m\u00ebshonte defit, teta Mejreme, teta Akile, Zehra, teta Hajrije, pinin kafe, kallnin cigare dhe b\u00ebnin xhymysh. Muret e shtepive ishin t\u00eb mbuluara me vargjet t\u00eb duhanit, q\u00eb at\u00ebher\u00eb kultivohej me t\u00eb madhe dhe ishte deg\u00eb e r\u00ebnd\u00ebsishme e ekonomis\u00eb dhe e zhvillimit.<\/p>\n<p>Mala ishte bekri, Hajdari voziste kryetar\u00ebt e Gilanit, Gjura ishte vozit\u00ebs i mercedesit t\u00eb Kombinatit te Duhanit dhe fliste perfekt turqishten. Isa Iliazi kishte vetur\u00ebn \u201cShkoda\u201d, Qeda kishte \u201cTaunus\u201d, Cela kishte \u201cFord Kurtine\u201d. Miqa, i pari kishte televizor \u201cAtlas\u201d.<\/p>\n<p>Luca, bashk\u00ebshortja e Miq\u00ebs, televizorit ia v\u00ebnte filterin, ne f\u00ebmij\u00ebt e m\u00ebhall\u00ebs mendonim q\u00eb ishte TV me ngjyra!<\/p>\n<p>Shkolla fillore \u201cMusa Zajmi\u201d filloi pun\u00ebn n\u00eb gjysm\u00ebvjetorin e dyte, me 1959. M\u00ebsuesi Ali Malisheva ishte m\u00ebsues i v\u00ebllaut Mehmetit. F\u00ebmij\u00ebve i ofroheshin krofne t\u00eb nxehta, tamb\u00ebl (qum\u00ebsht) dhe \u00e7aj. Un\u00eb me 1961 isha n\u00eb klas\u00ebn e par\u00eb. N\u00eb oborr t\u00eb shkoll\u00ebs luanim futboll. Ismeti na b\u00ebnte topin copa me sakic\u00eb. Fahredin K\u00e7ikun dhe motr\u00ebn e tij i kisha n\u00eb klas\u00eb. Fahredini, pastaj, u b\u00eb fotografist n\u00eb m\u00ebhall\u00ebn time. M\u00ebsuesja e turqisht\u00ebs, Sebahatja, bashk\u00ebshortja e farmacistit Mahmut Efendiut ishte han\u00ebme, ardhke mysafire te kojshikja (fqinja) ime, Makfirja, vajza e Emin Osmanit.<\/p>\n<p>Ah Gilan\u2026, edhe nata na dukej pak kur jetonim jet\u00ebn n\u00ebp\u00ebr ato vite\u2026!<\/p>\n<p>Gjat\u00eb Ramazanit mbushnim k\u00ebnatat me uj\u00eb n\u00eb Balec; vargu pritjes ishte i gjat\u00eb para iftarit. Luanim loj\u00ebra deri n\u00eb syfyr, kur shkonim t\u00eb blenim pitalka te furra e Ilazit. N\u00eb m\u00ebhall\u00eb flitej turqishtja, shqipja dhe serbishtja. T\u00eb gjith\u00eb i dinim gjuh\u00ebt e nj\u00ebri-tjetrit. Te kodra e Balecit dhe te sokaku i Cakit Bivollarit, rr\u00ebshqitnim me saja dhe me nallane. Abdurrahmani ishte fotografist, babai i tij, Ahmet \u201cnepa\u201d, luante domino te Borki. Mila i l\u00ebshonte filmat n\u00eb bioskopin e qytetit. N\u00eb k\u00ebt\u00eb m\u00ebhall\u00eb ka punuar edhe Pera avokati me sheshir. Todor Arsiqi kishte pasur bannk\u00ebn e vet \u201cKOSOVA\u201d, nd\u00ebrsa familja e tij e kishte sjellur rrym\u00ebn elektrike n\u00eb qytet, me 1937. (Rr\u00ebfim i dr. Shevqet Mehmetit). (Vazhdon nes\u00ebr)<\/p>\n","protected":false},"excerpt":{"rendered":"<p>Ah Gjilan! Sa shum\u00eb kujtime kan\u00eb l\u00ebn\u00eb gjurm\u00ebt e jet\u00ebs\u2026! Jeta ashtu si\u00e7 ishte, e natyrshme dhe me lezet! Gjilani dikur dhe sot \u2013 n\u00ebp\u00ebr ngjyrate e koh\u00ebs! Me \u00e7ka mbuloheshin muret e sht\u00ebpive? Kur u hap shkolla \u201cMusa Zajmi\u201d? Ku mbushnin uj\u00eb gjat\u00eb Ramazanit? Cili nx\u00ebn\u00ebs u b\u00eb fotografist? Te furrat e kujt blenin [&hellip;]<\/p>\n","protected":false},"author":1,"featured_media":10102,"comment_status":"closed","ping_status":"closed","sticky":false,"template":"","format":"standard","meta":{"footnotes":""},"categories":[6],"tags":[],"class_list":{"0":"post-10101","1":"post","2":"type-post","3":"status-publish","4":"format-standard","5":"has-post-thumbnail","7":"category-opinion"},"_links":{"self":[{"href":"https:\/\/radiostargjilan.com\/web\/wp-json\/wp\/v2\/posts\/10101","targetHints":{"allow":["GET"]}}],"collection":[{"href":"https:\/\/radiostargjilan.com\/web\/wp-json\/wp\/v2\/posts"}],"about":[{"href":"https:\/\/radiostargjilan.com\/web\/wp-json\/wp\/v2\/types\/post"}],"author":[{"embeddable":true,"href":"https:\/\/radiostargjilan.com\/web\/wp-json\/wp\/v2\/users\/1"}],"replies":[{"embeddable":true,"href":"https:\/\/radiostargjilan.com\/web\/wp-json\/wp\/v2\/comments?post=10101"}],"version-history":[{"count":0,"href":"https:\/\/radiostargjilan.com\/web\/wp-json\/wp\/v2\/posts\/10101\/revisions"}],"wp:featuredmedia":[{"embeddable":true,"href":"https:\/\/radiostargjilan.com\/web\/wp-json\/wp\/v2\/media\/10102"}],"wp:attachment":[{"href":"https:\/\/radiostargjilan.com\/web\/wp-json\/wp\/v2\/media?parent=10101"}],"wp:term":[{"taxonomy":"category","embeddable":true,"href":"https:\/\/radiostargjilan.com\/web\/wp-json\/wp\/v2\/categories?post=10101"},{"taxonomy":"post_tag","embeddable":true,"href":"https:\/\/radiostargjilan.com\/web\/wp-json\/wp\/v2\/tags?post=10101"}],"curies":[{"name":"wp","href":"https:\/\/api.w.org\/{rel}","templated":true}]}}