{"id":10121,"date":"2018-02-01T12:53:39","date_gmt":"2018-02-01T12:53:39","guid":{"rendered":"http:\/\/radiostargjilan.com\/web\/?p=10121"},"modified":"2018-02-01T12:53:39","modified_gmt":"2018-02-01T12:53:39","slug":"haziri-ngushellim-familjen-dalipi-me-rastin-e-ndarjes-nga-jeta-te-veteranit-te-arsimit-ilmi-dalipi","status":"publish","type":"post","link":"https:\/\/radiostargjilan.com\/web\/haziri-ngushellim-familjen-dalipi-me-rastin-e-ndarjes-nga-jeta-te-veteranit-te-arsimit-ilmi-dalipi\/","title":{"rendered":"Haziri ngush\u00ebllim familjen Dalipi me rastin e ndarjes nga jeta t\u00eb veteranit t\u00eb arsimit, Ilmi Dalipi"},"content":{"rendered":"<p>Gjilan, 1 shkurt 2018 \u2013 Me rastin e ndarjes nga jeta t\u00eb veteranit t\u00eb arsimit, Ilmi Dalipi, kryetari i Komun\u00ebs s\u00eb Gjilanit, Lutfi Haziri, i ka d\u00ebrguar nj\u00eb telegram ngush\u00ebllimi familje Dalipi. Ne telegram thuhet:<\/p>\n<p>\u201cE nderuara familja Dalipi,<\/p>\n<p>Me pik\u00ebllim t\u00eb thell\u00eb e mora lajmin p\u00ebr ndarjen nga jeta t\u00eb veteranit t\u00eb arsimit n\u00eb Gjilan, Ilmi Dalipi.<\/p>\n<p>M\u00ebsuesi Ilmi do t\u00eb mbahet n\u00eb mend p\u00ebr sa t\u00eb jet\u00eb jeta p\u00ebr kontributin e jasht\u00ebzakonsh\u00ebm n\u00eb edukimin e shum\u00eb brezave, t\u00eb cil\u00ebt sot veprojn\u00eb n\u00eb profile t\u00eb ndryshme si profesionist\u00eb.<\/p>\n<p>Vdekja e tij na ka pik\u00eblluar t\u00eb gjith\u00ebve, por ju familje e nderuar Dalipi duhet t\u00eb ndjeheni krenar sepse ai ishte nd\u00ebr m\u00ebsuesit e par\u00eb n\u00eb Gjilan, i cili e luftoi analfabetizmin deri n\u00eb frym\u00ebn e fundit.<\/p>\n<p>Ngush\u00ebllime familjes, koleg\u00ebve e farefisit. Gjilani \u00ebsht\u00eb krenar me m\u00ebsuesin Ilmi Dalipi. I qoft\u00eb i leht\u00eb dheu!\u201d, thuhet n\u00eb telegramin e ngush\u00ebllimit t\u00eb kryetarit Haziri.\u200b<\/p>\n","protected":false},"excerpt":{"rendered":"<p>Gjilan, 1 shkurt 2018 \u2013 Me rastin e ndarjes nga jeta t\u00eb veteranit t\u00eb arsimit, Ilmi Dalipi, kryetari i Komun\u00ebs s\u00eb Gjilanit, Lutfi Haziri, i ka d\u00ebrguar nj\u00eb telegram ngush\u00ebllimi familje Dalipi. Ne telegram thuhet: \u201cE nderuara familja Dalipi, Me pik\u00ebllim t\u00eb thell\u00eb e mora lajmin p\u00ebr ndarjen nga jeta t\u00eb veteranit t\u00eb arsimit n\u00eb [&hellip;]<\/p>\n","protected":false},"author":1,"featured_media":10122,"comment_status":"closed","ping_status":"closed","sticky":false,"template":"","format":"standard","meta":{"footnotes":""},"categories":[5],"tags":[],"class_list":{"0":"post-10121","1":"post","2":"type-post","3":"status-publish","4":"format-standard","5":"has-post-thumbnail","7":"category-lajme"},"_links":{"self":[{"href":"https:\/\/radiostargjilan.com\/web\/wp-json\/wp\/v2\/posts\/10121","targetHints":{"allow":["GET"]}}],"collection":[{"href":"https:\/\/radiostargjilan.com\/web\/wp-json\/wp\/v2\/posts"}],"about":[{"href":"https:\/\/radiostargjilan.com\/web\/wp-json\/wp\/v2\/types\/post"}],"author":[{"embeddable":true,"href":"https:\/\/radiostargjilan.com\/web\/wp-json\/wp\/v2\/users\/1"}],"replies":[{"embeddable":true,"href":"https:\/\/radiostargjilan.com\/web\/wp-json\/wp\/v2\/comments?post=10121"}],"version-history":[{"count":0,"href":"https:\/\/radiostargjilan.com\/web\/wp-json\/wp\/v2\/posts\/10121\/revisions"}],"wp:featuredmedia":[{"embeddable":true,"href":"https:\/\/radiostargjilan.com\/web\/wp-json\/wp\/v2\/media\/10122"}],"wp:attachment":[{"href":"https:\/\/radiostargjilan.com\/web\/wp-json\/wp\/v2\/media?parent=10121"}],"wp:term":[{"taxonomy":"category","embeddable":true,"href":"https:\/\/radiostargjilan.com\/web\/wp-json\/wp\/v2\/categories?post=10121"},{"taxonomy":"post_tag","embeddable":true,"href":"https:\/\/radiostargjilan.com\/web\/wp-json\/wp\/v2\/tags?post=10121"}],"curies":[{"name":"wp","href":"https:\/\/api.w.org\/{rel}","templated":true}]}}