{"id":101367,"date":"2021-12-27T11:08:00","date_gmt":"2021-12-27T10:08:00","guid":{"rendered":"https:\/\/radiostargjilan.com\/web\/?p=101367"},"modified":"2021-12-27T11:08:00","modified_gmt":"2021-12-27T10:08:00","slug":"mungesa-e-rrymes-crregullon-bizneset","status":"publish","type":"post","link":"https:\/\/radiostargjilan.com\/web\/mungesa-e-rrymes-crregullon-bizneset\/","title":{"rendered":"Mungesa e rrym\u00ebs \u00e7rregullon bizneset"},"content":{"rendered":"<p>Kriza energjetike n\u00eb Kosov\u00eb, e cila ka shkaktuar kufizime t\u00eb furnizimit me rrym\u00eb p\u00ebr konsumator\u00ebt, po e \u00e7rregullon biznesin e Abedin Salihut, i cili \u00ebsht\u00eb i shtrir\u00eb n\u00eb sektorin e nd\u00ebrtimit dhe prodhimit t\u00eb produkteve t\u00eb betonit dhe hoteleri.<\/p>\n<p>\u201cJemi detyruar t\u00eb mbyllim disa sektor\u00eb\u201d, thot\u00eb p\u00ebr Radion Evropa e Lir\u00eb, Salihu, pronar i nj\u00eb kompanie q\u00eb num\u00ebron rreth 270 pun\u00ebtor\u00eb.<\/p>\n<p>Situata me energjin\u00eb elektrike, shton ai, e detyroi t\u00eb reduktoj\u00eb edhe numrin e pun\u00ebtor\u00ebve.<\/p>\n<p>Korporata Energjetike e Kosov\u00ebs njofton her\u00eb pas here p\u00ebr r\u00ebnien e blloqeve nga sistemi duke b\u00ebr\u00eb q\u00eb me or\u00eb t\u00eb t\u00ebra lagjet n\u00ebp\u00ebr vendbanime t\u00eb mos ken\u00eb rrym\u00eb.<\/p>\n<p>Kpmpania e tij eksporton produkte jasht\u00eb vendit, dhe si e till\u00eb, Salihu thot\u00eb se ka obligime edhe ndaj kompanive me t\u00eb cilat ka kontrata p\u00ebr eksport.<\/p>\n<p>\u201c\u2026 Ata mund t\u00eb na gjobisin. Ne nuk kemi kontrata q\u00eb mund t\u2019iu themi se shteti na ndali rrym\u00ebn dhe nuk mund t\u00eb vazhdojm\u00eb m\u00eb\u201d, thot\u00eb Salihu.<\/p>\n<p>E gjith\u00eb kjo situat\u00eb, shton ai, po d\u00ebmton edhe besimin e partner\u00ebve t\u00eb biznesit, q\u00eb si\u00e7 thot\u00eb ai, e kan\u00eb krijuar me shum\u00eb mund p\u00ebrgjat\u00eb 20 viteve.<\/p>\n<p>\u201cKjo situat\u00eb me energji do t\u00eb \u00e7rregulloj\u00eb pun\u00ebn ton\u00eb, \u00e7mimet n\u00eb treg, do t\u00eb \u00e7rregulloj\u00eb ekonomin\u00eb\u201d, thot\u00eb ai.<\/p>\n<p>Q\u00eb nga 22 dhjetori, konsumator\u00ebt n\u00eb Kosov\u00eb po p\u00ebrballen me reduktime t\u00eb energjis\u00eb elektrike.<\/p>\n<p>Kjo situat\u00eb po krahasohet me situat\u00ebn e pasluft\u00ebs (1999), kur reduktimet me energji ishin t\u00eb gjata, deri n\u00eb 8 or\u00eb pa rrym\u00eb.<\/p>\n<p>Por, p\u00ebr Salihun, kjo situat\u00eb \u00ebsht\u00eb edhe m\u00eb keqe se n\u00eb koh\u00ebn e pasluft\u00ebs, kur ai kishte themeluar kompanin\u00eb.<\/p>\n<p>\u201cPas luft\u00ebs nuk kemi pasur aq shum\u00eb pun\u00eb, kemi qen\u00eb n\u00eb faz\u00ebn emergjente. Tani jemi rritur. Si kompania ime dhe shum\u00eb t\u00eb tjera, kemi gjetur nj\u00eb rrug\u00eb ku mund t\u00eb punojm\u00eb, kemi rritur biznesin, kemi obligime. T\u00eb vendos\u00ebsh tani nj\u00eb barrikad\u00eb t\u00eb till\u00eb \u00ebsht\u00eb pap\u00ebrgjegj\u00ebsi\u201d, thot\u00eb ai.<\/p>\n<p>Salihu: Nuk mund t\u00eb funksionojm\u00eb me gjenerator\u00eb<\/p>\n<p>Gjenerator\u00ebt, t\u00eb cil\u00ebt n\u00eb koh\u00ebn e pasluft\u00ebs ishin p\u00ebrdoruar n\u00eb num\u00ebr t\u00eb madh nga bizneset, tani Salihu thot\u00eb se u takojn\u00eb t\u00eb kaluar\u00ebs. Sipas tij, kompania e tij e ka t\u00eb pamundur t\u00eb funksionoj\u00eb me gjenerator\u00eb.<\/p>\n<p>\u201cP\u00ebr dy or\u00eb agregati shpenzon 100 euro. P\u00ebr t\u00eb pasur, p\u00ebr shembull, hoteli rrym\u00eb, i bie n\u00eb dit\u00eb minimumi harxhon 1 mij\u00eb euro. Un\u00eb nuk i kam 1 mij\u00eb euro fitim n\u00eb dit\u00eb, nuk mund t\u00eb punojm\u00eb me humbje. Vet\u00ebm p\u00ebr pun\u00ebn n\u00eb gurthyes do t\u00eb duhej nj\u00eb agregat 500kw q\u00eb kushton diku 400 mij\u00eb euro\u201d, thot\u00eb ai.<\/p>\n<p>Situata energjetike \u00ebsht\u00eb p\u00ebrkeq\u00ebsuar pasi konsumi i energjis\u00eb nuk po mund t\u00eb mbulohet nga kapacitetet prodhuese t\u00eb Korporat\u00ebs Energjetike t\u00eb Kosov\u00ebs.<\/p>\n<p>Sipas zyrtar\u00ebve te Kompanis\u00eb Kosovare p\u00ebr Distribuim t\u00eb Energjis\u00eb Elektrike (KEDS), Kosova aktualisht prodhon 600 deri n\u00eb 800 megavat\u00eb rryme n\u00eb or\u00eb, kurse konsumi ka arritur deri n\u00eb 1,400 megavat\u00eb n\u00eb or\u00eb.<\/p>\n<p>N\u00eb tregun bot\u00ebror, \u00e7mimi i rrym\u00ebs \u00ebsht\u00eb shtrenjtuar duksh\u00ebm. Nga 69 euro p\u00ebr megavat sa ishte \u00e7mimi vitin e kaluar, n\u00eb k\u00ebt\u00eb periudh\u00eb \u00e7mimi i importit t\u00eb rrym\u00ebs arriti deri n\u00eb 600 euro p\u00ebr megavat, ka th\u00ebn\u00eb z\u00ebdh\u00ebn\u00ebsi i Kompanis\u00eb Kosovare p\u00ebr Distribuim t\u00eb Energjis\u00eb Elektrike, Viktor Buzhala.<\/p>\n<p>Por, edhe procesi i importit \u00ebsht\u00eb v\u00ebshtir\u00ebsuar p\u00ebr shkak t\u00eb munges\u00ebs s\u00eb k\u00ebtij produkti n\u00eb shtetet tjera.<\/p>\n<p>Kryetar i Aleanc\u00ebs Kosovare t\u00eb Biznesit, Agim Shahini (AKB), thot\u00eb se nga mungesa e energjis\u00eb humbjet do t\u00eb jen\u00eb t\u00eb m\u00ebdha p\u00ebr bizneset. Ai shtoi se brenda jav\u00ebve do t\u00eb dalin edhe me t\u00eb dh\u00ebna t\u00eb sakta lidhur me humbjet q\u00eb p\u00ebsuan bizneset nga kjo situat\u00eb.<\/p>\n<p>\u201cKjo na b\u00ebn q\u00eb edhe m\u00eb tutje t\u00eb ngecim n\u00eb prodhim, sh\u00ebrbime e aktivitete t\u00eb p\u00ebrditshme. Me lajmet q\u00eb po rrjedhin nga Kosova se vendit po i kthehet terri \u00ebsht\u00eb d\u00ebmtim i imazhit tek investitor\u00ebt potencial\u00eb. \u00cbsht\u00eb e paimagjinueshme t\u00eb mendohet q\u00eb n\u00eb Kosov\u00eb nuk ka energji elektrike\u201d, thot\u00eb Shahini.<\/p>\n<p>Reduktime mbi 2 or\u00eb<\/p>\n<p>Qeveria po k\u00ebrkon vazhdimisht nga qytetar\u00ebt q\u00eb ta kursejn\u00eb rrym\u00ebn.<\/p>\n<p>Kompania Kosovare p\u00ebr Distribuim t\u00eb Energjis\u00eb Elektrike (KEDS), fillimisht kishte parapar\u00eb q\u00eb reduktimet t\u00eb zgjasin rreth dy or\u00eb n\u00eb dit\u00eb, por q\u00eb kjo nuk ka ndodhur. Reduktimet jan\u00eb shum\u00eb m\u00eb t\u00eb gjata.<\/p>\n<p>Sipas KEDS-it, reduktimet m\u00eb shum\u00eb se dy or\u00eb po ndodhin p\u00ebr shkak t\u00eb mbingarkes\u00ebs.<\/p>\n<p>Qeveria e Kosov\u00ebs m\u00eb 24 dhjetor vendosi masa t\u00eb emergjenc\u00ebs n\u00eb furnizim t\u00eb energjis\u00eb elektrike, t\u00eb cilat do t\u00eb vlejn\u00eb maksimalisht 60 dit\u00eb.<\/p>\n<p>Qeveria mund t\u00eb filloj\u00eb me zbatimin e masave menj\u00ebher\u00eb, por se vendimi duhet t\u00eb shqyrtohet p\u00ebr miratim edhe nga Kuvendi i Kosov\u00ebs n\u00eb afat prej shtat\u00eb dit\u00ebsh.<\/p>\n<p>Kuvendi ka t\u00eb drejt\u00ebn e refuzimit t\u00eb masave dhe n\u00eb k\u00ebt\u00eb rast Qeveria \u00ebsht\u00eb e obliguar t\u2019i nd\u00ebrpres\u00eb ato.<\/p>\n<p>Masat emergjente n\u00eb furnizim me energji p\u00ebrfshijn\u00eb: vendosjen e kufizimeve n\u00eb furnizim me energji p\u00ebr konsumator\u00ebt, dhe vendosjen e obligimeve t\u00eb ve\u00e7anta p\u00ebr nd\u00ebrmarrjet e energjis\u00eb.\/REL\/<\/p>\n","protected":false},"excerpt":{"rendered":"<p>Kriza energjetike n\u00eb Kosov\u00eb, e cila ka shkaktuar kufizime t\u00eb furnizimit me rrym\u00eb p\u00ebr konsumator\u00ebt, po e \u00e7rregullon biznesin e Abedin Salihut, i cili \u00ebsht\u00eb i shtrir\u00eb n\u00eb sektorin e nd\u00ebrtimit dhe prodhimit t\u00eb produkteve t\u00eb betonit dhe hoteleri. \u201cJemi detyruar t\u00eb mbyllim disa sektor\u00eb\u201d, thot\u00eb p\u00ebr Radion Evropa e Lir\u00eb, Salihu, pronar i nj\u00eb [&hellip;]<\/p>\n","protected":false},"author":1,"featured_media":101368,"comment_status":"closed","ping_status":"closed","sticky":false,"template":"","format":"standard","meta":{"footnotes":""},"categories":[5],"tags":[],"class_list":{"0":"post-101367","1":"post","2":"type-post","3":"status-publish","4":"format-standard","5":"has-post-thumbnail","7":"category-lajme"},"_links":{"self":[{"href":"https:\/\/radiostargjilan.com\/web\/wp-json\/wp\/v2\/posts\/101367","targetHints":{"allow":["GET"]}}],"collection":[{"href":"https:\/\/radiostargjilan.com\/web\/wp-json\/wp\/v2\/posts"}],"about":[{"href":"https:\/\/radiostargjilan.com\/web\/wp-json\/wp\/v2\/types\/post"}],"author":[{"embeddable":true,"href":"https:\/\/radiostargjilan.com\/web\/wp-json\/wp\/v2\/users\/1"}],"replies":[{"embeddable":true,"href":"https:\/\/radiostargjilan.com\/web\/wp-json\/wp\/v2\/comments?post=101367"}],"version-history":[{"count":0,"href":"https:\/\/radiostargjilan.com\/web\/wp-json\/wp\/v2\/posts\/101367\/revisions"}],"wp:featuredmedia":[{"embeddable":true,"href":"https:\/\/radiostargjilan.com\/web\/wp-json\/wp\/v2\/media\/101368"}],"wp:attachment":[{"href":"https:\/\/radiostargjilan.com\/web\/wp-json\/wp\/v2\/media?parent=101367"}],"wp:term":[{"taxonomy":"category","embeddable":true,"href":"https:\/\/radiostargjilan.com\/web\/wp-json\/wp\/v2\/categories?post=101367"},{"taxonomy":"post_tag","embeddable":true,"href":"https:\/\/radiostargjilan.com\/web\/wp-json\/wp\/v2\/tags?post=101367"}],"curies":[{"name":"wp","href":"https:\/\/api.w.org\/{rel}","templated":true}]}}