{"id":101920,"date":"2022-01-03T16:07:47","date_gmt":"2022-01-03T15:07:47","guid":{"rendered":"https:\/\/radiostargjilan.com\/web\/?p=101920"},"modified":"2022-01-03T16:07:47","modified_gmt":"2022-01-03T15:07:47","slug":"kryetari-i-ri-i-komunes-se-gjilani-tregon-se-kur-do-te-jete-gati-stadiumi-i-qytetit","status":"publish","type":"post","link":"https:\/\/radiostargjilan.com\/web\/kryetari-i-ri-i-komunes-se-gjilani-tregon-se-kur-do-te-jete-gati-stadiumi-i-qytetit\/","title":{"rendered":"Kryetari i ri i Komun\u00ebs s\u00eb Gjilani tregon se kur do t\u00eb jet\u00eb gati stadiumi i qytetit"},"content":{"rendered":"<p>Nj\u00eb intervist\u00eb ekskluzive p\u00ebr Telegrafi Sport, kryetari i Komun\u00ebs, Alban Hyseni nuk mund t\u00eb kalonte pa nj\u00eb p\u00ebrgjigje se \u00e7far\u00eb pritet t\u00eb ndodh n\u00eb vitin 2022 me stadiumin e qytetit n\u00eb Gjilan.<\/p>\n<p>\u201d N\u00eb stadiumin e qytetit na pret nj\u00eb pun\u00eb kolosale dhe e jasht\u00ebzakonshme,e mira e t\u00eb mir\u00ebs \u00ebsht\u00eb se sa i p\u00ebrket financave nuk e kemi asnj\u00eb problem, pra prej kontakteve me ministrin kam\u00eb kuptuar q\u00eb vet\u00ebm sjellia e faturave dhe kryerja e punimeve do t\u00eb mbet\u00ebt.<\/p>\n<p>Pagesa p\u00ebr stadiumin e qytetit mund t\u00eb b\u00ebhet edhe brenda vitit 2022, duhet vet\u00ebm t\u00eb b\u00ebhen pun\u00ebt dhe n\u00ebse p\u00ebrfundojn\u00eb t\u00eb gjitha pun\u00ebt, stadiumi mund t\u00eb paguhet p\u00ebr pes\u00eb ose gjasht\u00eb muajt e ardhsh\u00ebm \u201d shtoi Alban Hyseni.<\/p>\n<p>Sipas t\u00eb parit n\u00eb Komun\u00ebn e Gjilanit problemi \u00ebsht\u00eb tek firma q\u00eb ka fituar projektin e stadiumit, e q\u00eb sipas disa informatave n\u00eb projektin e par\u00eb kan\u00eb harruar t\u00eb projektohet dalja emergjente p\u00ebr Autoambulanc\u00ebn dhe Zjarr\u00ebfik\u00ebsit.<\/p>\n<p>Komuna e Gjilanit do t\u00eb rishikon kontrat\u00ebn dhe punimet n\u00eb stadium dhe n\u00ebse nuk do t\u00eb punohet me ritmin q\u00eb k\u00ebrkohet nga Ministria dhe Komuna e Gjilanit, do t\u00eb detyrohen t\u00eb shk\u00ebpusin kontrat\u00ebn me kompanin\u00eb q\u00eb ka fituar t\u00eb drejt\u00ebn e renovimit t\u00eb stadiumit n\u00eb Gjilani.<\/p>\n","protected":false},"excerpt":{"rendered":"<p>Nj\u00eb intervist\u00eb ekskluzive p\u00ebr Telegrafi Sport, kryetari i Komun\u00ebs, Alban Hyseni nuk mund t\u00eb kalonte pa nj\u00eb p\u00ebrgjigje se \u00e7far\u00eb pritet t\u00eb ndodh n\u00eb vitin 2022 me stadiumin e qytetit n\u00eb Gjilan. \u201d N\u00eb stadiumin e qytetit na pret nj\u00eb pun\u00eb kolosale dhe e jasht\u00ebzakonshme,e mira e t\u00eb mir\u00ebs \u00ebsht\u00eb se sa i p\u00ebrket financave [&hellip;]<\/p>\n","protected":false},"author":1,"featured_media":101921,"comment_status":"closed","ping_status":"closed","sticky":false,"template":"","format":"standard","meta":{"footnotes":""},"categories":[7],"tags":[],"class_list":{"0":"post-101920","1":"post","2":"type-post","3":"status-publish","4":"format-standard","5":"has-post-thumbnail","7":"category-sports"},"_links":{"self":[{"href":"https:\/\/radiostargjilan.com\/web\/wp-json\/wp\/v2\/posts\/101920","targetHints":{"allow":["GET"]}}],"collection":[{"href":"https:\/\/radiostargjilan.com\/web\/wp-json\/wp\/v2\/posts"}],"about":[{"href":"https:\/\/radiostargjilan.com\/web\/wp-json\/wp\/v2\/types\/post"}],"author":[{"embeddable":true,"href":"https:\/\/radiostargjilan.com\/web\/wp-json\/wp\/v2\/users\/1"}],"replies":[{"embeddable":true,"href":"https:\/\/radiostargjilan.com\/web\/wp-json\/wp\/v2\/comments?post=101920"}],"version-history":[{"count":0,"href":"https:\/\/radiostargjilan.com\/web\/wp-json\/wp\/v2\/posts\/101920\/revisions"}],"wp:featuredmedia":[{"embeddable":true,"href":"https:\/\/radiostargjilan.com\/web\/wp-json\/wp\/v2\/media\/101921"}],"wp:attachment":[{"href":"https:\/\/radiostargjilan.com\/web\/wp-json\/wp\/v2\/media?parent=101920"}],"wp:term":[{"taxonomy":"category","embeddable":true,"href":"https:\/\/radiostargjilan.com\/web\/wp-json\/wp\/v2\/categories?post=101920"},{"taxonomy":"post_tag","embeddable":true,"href":"https:\/\/radiostargjilan.com\/web\/wp-json\/wp\/v2\/tags?post=101920"}],"curies":[{"name":"wp","href":"https:\/\/api.w.org\/{rel}","templated":true}]}}