{"id":10229,"date":"2018-02-01T20:08:13","date_gmt":"2018-02-01T20:08:13","guid":{"rendered":"http:\/\/radiostargjilan.com\/web\/?p=10229"},"modified":"2018-02-01T20:08:13","modified_gmt":"2018-02-01T20:08:13","slug":"milot-rashica-leter-emocionuse-ish-skuadres-se-ti","status":"publish","type":"post","link":"https:\/\/radiostargjilan.com\/web\/milot-rashica-leter-emocionuse-ish-skuadres-se-ti\/","title":{"rendered":"Milot Rashica let\u00ebr emocionuse ish skuadr\u00ebs s\u00eb ti"},"content":{"rendered":"<p>Sulmuesi i talentuar nga Kosova i kushtoi m\u00eb shum\u00eb se shtat\u00eb milion\u00eb euro ish-kampion\u00ebve t\u00eb Gjermanis\u00eb.<\/p>\n<p>Ai ka shkruar nj\u00eb let\u00ebr t\u00eb gjat\u00eb duke fal\u00ebnderuar t\u00eb gjith\u00eb n\u00eb klubin e Vitesses por edhe tifoz\u00ebt verdh e zi.<\/p>\n<p>\u201cUn\u00eb jam duke i shikuar dy vite e gjysm\u00eb t\u00eb mrekullueshme me t\u00eb gjith\u00eb ju. E mbaj mend dit\u00ebn time t\u00eb par\u00eb n\u00eb qytetin e juaj t\u00eb bukur. Gjithmon\u00eb s\u00eb bashku me shok\u00ebt e mi me krenari kemi dh\u00ebn\u00eb gjith\u00e7ka nga vetja p\u00ebr klubin dhe tifoz\u00ebt\u201d, tha nd\u00ebr tjera Rashica.<\/p>\n<p>\u201cIshte e pabesueshme kur arrit\u00ebm t\u00eb marrim Kup\u00ebn \u2018KNVB Beker\u2019, isha shum\u00eb i lumtur me t\u00eb gjith\u00eb ju\u201d, vazhdoi tutje Miloti.<\/p>\n<p>\u201cWerder m\u00eb k\u00ebrkuan shum\u00eb t\u00eb luaja me ta dhe m\u00eb duhej ta merrja nj\u00eb vendim shum\u00eb t\u00eb v\u00ebshtir\u00eb\u201d.<\/p>\n<p>\u201cQ\u00ebllimi i nj\u00eb sportisti duhet t\u00eb jet\u00eb p\u00ebr ta arritur maksimumin, aq sa \u00ebsht\u00eb e mundur. Ardhja e nj\u00eb shansi p\u00ebr t\u00eb luajtur n\u00eb Bundesliga me Werder Bremen \u00ebsht\u00eb thjesht nj\u00eb mund\u00ebsi e madhe\u201d, shkroi Rashica.<\/p>\n","protected":false},"excerpt":{"rendered":"<p>Sulmuesi i talentuar nga Kosova i kushtoi m\u00eb shum\u00eb se shtat\u00eb milion\u00eb euro ish-kampion\u00ebve t\u00eb Gjermanis\u00eb. Ai ka shkruar nj\u00eb let\u00ebr t\u00eb gjat\u00eb duke fal\u00ebnderuar t\u00eb gjith\u00eb n\u00eb klubin e Vitesses por edhe tifoz\u00ebt verdh e zi. \u201cUn\u00eb jam duke i shikuar dy vite e gjysm\u00eb t\u00eb mrekullueshme me t\u00eb gjith\u00eb ju. E mbaj mend [&hellip;]<\/p>\n","protected":false},"author":1,"featured_media":10230,"comment_status":"closed","ping_status":"closed","sticky":false,"template":"","format":"standard","meta":{"footnotes":""},"categories":[7],"tags":[],"class_list":{"0":"post-10229","1":"post","2":"type-post","3":"status-publish","4":"format-standard","5":"has-post-thumbnail","7":"category-sports"},"_links":{"self":[{"href":"https:\/\/radiostargjilan.com\/web\/wp-json\/wp\/v2\/posts\/10229","targetHints":{"allow":["GET"]}}],"collection":[{"href":"https:\/\/radiostargjilan.com\/web\/wp-json\/wp\/v2\/posts"}],"about":[{"href":"https:\/\/radiostargjilan.com\/web\/wp-json\/wp\/v2\/types\/post"}],"author":[{"embeddable":true,"href":"https:\/\/radiostargjilan.com\/web\/wp-json\/wp\/v2\/users\/1"}],"replies":[{"embeddable":true,"href":"https:\/\/radiostargjilan.com\/web\/wp-json\/wp\/v2\/comments?post=10229"}],"version-history":[{"count":0,"href":"https:\/\/radiostargjilan.com\/web\/wp-json\/wp\/v2\/posts\/10229\/revisions"}],"wp:featuredmedia":[{"embeddable":true,"href":"https:\/\/radiostargjilan.com\/web\/wp-json\/wp\/v2\/media\/10230"}],"wp:attachment":[{"href":"https:\/\/radiostargjilan.com\/web\/wp-json\/wp\/v2\/media?parent=10229"}],"wp:term":[{"taxonomy":"category","embeddable":true,"href":"https:\/\/radiostargjilan.com\/web\/wp-json\/wp\/v2\/categories?post=10229"},{"taxonomy":"post_tag","embeddable":true,"href":"https:\/\/radiostargjilan.com\/web\/wp-json\/wp\/v2\/tags?post=10229"}],"curies":[{"name":"wp","href":"https:\/\/api.w.org\/{rel}","templated":true}]}}