{"id":102372,"date":"2022-01-08T14:29:33","date_gmt":"2022-01-08T13:29:33","guid":{"rendered":"https:\/\/radiostargjilan.com\/web\/?p=102372"},"modified":"2022-01-08T14:29:33","modified_gmt":"2022-01-08T13:29:33","slug":"kafiterite-ne-gjilan-detyrohen-te-mbyllen-per-shkak-te-diskriminimit-nga-auv-it-ne-dallim-me-qytetet-tjera-ne-kosove","status":"publish","type":"post","link":"https:\/\/radiostargjilan.com\/web\/kafiterite-ne-gjilan-detyrohen-te-mbyllen-per-shkak-te-diskriminimit-nga-auv-it-ne-dallim-me-qytetet-tjera-ne-kosove\/","title":{"rendered":"Kafiterit\u00eb n\u00eb Gjilan, detyrohen t\u00eb mbyllen p\u00ebr shkak t\u00eb diskriminimit nga AUV-it, n\u00eb dallim me qytetet tjera n\u00eb Kosov\u00eb"},"content":{"rendered":"<p>Mbr\u00ebm\u00eb n\u00eb qytetin e Gjilanit, Inspektorati dhe Policia e Kosov\u00ebs kan\u00eb mbyllur disa kafiteri n\u00eb komun\u00ebn e Gjilanit, p\u00ebr shkak t\u00eb mos respektimit t\u00eb masave t\u00eb reja p\u00ebr parandalimin e pandemis\u00eb COVID-19<\/p>\n<p>Pronar\u00ebt e kafiterive n\u00eb Gjilan, thon\u00eb se jan\u00eb t\u00eb diskriminuar nga ana e AUV-it, ku thon\u00eb se n\u00eb qytetet tjera nuk \u00ebsht\u00eb trajtim i njejt\u00eb, prandaj kjo shihet edhe n\u00eb rrjetet sociale n\u00eb videot e publikuara, ku shihet q\u00eb nuk ka respektim t\u00eb masat anti-covid.<\/p>\n<p>Kafiterit\u00eb n\u00eb lagjen Dardania, kan\u00eb marr\u00eb vendim q\u00eb nga ora 19:00, t\u00eb mbyllen p\u00ebr shkak se nuk po mund t\u00eb vijojn pun\u00ebn nga ana e AUV-it dhe Policia e Kosov\u00ebs.<\/p>\n<p>Disa gastronom\u00eb thon\u00eb se ne votuam p\u00ebr ndryshime dhe q\u00eb t\u00eb jem t\u00eb barabart\u00eb, e jo n\u00eb komuna tjera nuk din qa o virusi , nuk i respektojn masat anti-covid po prap ata punojn e neve na gjobit dhe na mbyllin , marre ju koft, ne jemi n hall prej k\u00ebtij shtetit q\u00eb b\u00ebn\u00eb dallime mes komunave.<\/p>\n","protected":false},"excerpt":{"rendered":"<p>Mbr\u00ebm\u00eb n\u00eb qytetin e Gjilanit, Inspektorati dhe Policia e Kosov\u00ebs kan\u00eb mbyllur disa kafiteri n\u00eb komun\u00ebn e Gjilanit, p\u00ebr shkak t\u00eb mos respektimit t\u00eb masave t\u00eb reja p\u00ebr parandalimin e pandemis\u00eb COVID-19 Pronar\u00ebt e kafiterive n\u00eb Gjilan, thon\u00eb se jan\u00eb t\u00eb diskriminuar nga ana e AUV-it, ku thon\u00eb se n\u00eb qytetet tjera nuk \u00ebsht\u00eb trajtim [&hellip;]<\/p>\n","protected":false},"author":1,"featured_media":102373,"comment_status":"closed","ping_status":"closed","sticky":false,"template":"","format":"standard","meta":{"footnotes":""},"categories":[5],"tags":[],"class_list":{"0":"post-102372","1":"post","2":"type-post","3":"status-publish","4":"format-standard","5":"has-post-thumbnail","7":"category-lajme"},"_links":{"self":[{"href":"https:\/\/radiostargjilan.com\/web\/wp-json\/wp\/v2\/posts\/102372","targetHints":{"allow":["GET"]}}],"collection":[{"href":"https:\/\/radiostargjilan.com\/web\/wp-json\/wp\/v2\/posts"}],"about":[{"href":"https:\/\/radiostargjilan.com\/web\/wp-json\/wp\/v2\/types\/post"}],"author":[{"embeddable":true,"href":"https:\/\/radiostargjilan.com\/web\/wp-json\/wp\/v2\/users\/1"}],"replies":[{"embeddable":true,"href":"https:\/\/radiostargjilan.com\/web\/wp-json\/wp\/v2\/comments?post=102372"}],"version-history":[{"count":0,"href":"https:\/\/radiostargjilan.com\/web\/wp-json\/wp\/v2\/posts\/102372\/revisions"}],"wp:featuredmedia":[{"embeddable":true,"href":"https:\/\/radiostargjilan.com\/web\/wp-json\/wp\/v2\/media\/102373"}],"wp:attachment":[{"href":"https:\/\/radiostargjilan.com\/web\/wp-json\/wp\/v2\/media?parent=102372"}],"wp:term":[{"taxonomy":"category","embeddable":true,"href":"https:\/\/radiostargjilan.com\/web\/wp-json\/wp\/v2\/categories?post=102372"},{"taxonomy":"post_tag","embeddable":true,"href":"https:\/\/radiostargjilan.com\/web\/wp-json\/wp\/v2\/tags?post=102372"}],"curies":[{"name":"wp","href":"https:\/\/api.w.org\/{rel}","templated":true}]}}