{"id":102586,"date":"2022-01-10T23:54:07","date_gmt":"2022-01-10T22:54:07","guid":{"rendered":"https:\/\/radiostargjilan.com\/web\/?p=102586"},"modified":"2022-01-10T23:54:07","modified_gmt":"2022-01-10T22:54:07","slug":"haziri-per-koalicionin-e-vvse-me-pdkne-kerkuan-burgosjen-e-thacit-e-veselit-sot-jane-ne-te-njejtin-shtrat","status":"publish","type":"post","link":"https:\/\/radiostargjilan.com\/web\/haziri-per-koalicionin-e-vvse-me-pdkne-kerkuan-burgosjen-e-thacit-e-veselit-sot-jane-ne-te-njejtin-shtrat\/","title":{"rendered":"Haziri p\u00ebr koalicionin e VV\u2019s\u00eb me PDK\u2019n\u00eb: K\u00ebrkuan burgosjen e Tha\u00e7it e Veselit, sot jan\u00eb n\u00eb t\u00eb njejtin shtrat"},"content":{"rendered":"<p>Ish-kryetari i Gjilanit, Lutfi Haziri ka folur p\u00ebr koalicionin e L\u00ebvizjes Vet\u00ebvendosje me Partin\u00eb Demokratike t\u00eb Kosov\u00ebs n\u00eb Komun\u00ebn e Gjilanit.<\/p>\n<p>Haziri n\u00eb dpt te Fidani n\u00eb T7 ka th\u00ebn\u00eb se \u00ebsht\u00eb d\u00ebshmuar se kush jan\u00eb ata q\u00eb kan\u00eb k\u00ebrkuar burgosjen e ish-presidentit Hashim Tha\u00e7i dh eish-kryeparlamentarit, Kadri Veseli e q\u00eb sot \u201ckan\u00eb hyr\u00eb n\u00ebn jorganin e tyre\u201d.<\/p>\n<p>Ai shtoi se nuk duhet t\u00eb ju vie keq p\u00ebr t\u00eb kaluar\u00ebn.<\/p>\n<p>\u201cKjo \u00ebsht\u00eb ajo q\u00eb quhet \u2018jeta \u00ebsht\u00eb m\u00eb e gjat\u00eb sesa proceset politike\u2019. Kjo d\u00ebshmon, kush \u00ebsht\u00eb ai q\u00eb ka dal\u00eb rrejsh\u00ebm, q\u00eb ka b\u00ebr\u00eb montazhe t\u00eb fotografive. Kush jan\u00eb ata q\u00eb ja kan\u00eb k\u00ebrku burgosjen Hashim Tha\u00e7it, Kadri Veselit, me flamuj n\u00eb krah\u00eb e sot jan\u00eb hy n\u00ebn jorganin e tyre, jan\u00eb n\u00eb nj\u00eb shtrat t\u2019u fjet. Nuk duhet me ju ardh\u00eb keq prej t\u00eb kaluar\u00ebs s\u00eb tyre\u201d, ka th\u00ebn\u00eb Haziri.\/Express\/<\/p>\n","protected":false},"excerpt":{"rendered":"<p>Ish-kryetari i Gjilanit, Lutfi Haziri ka folur p\u00ebr koalicionin e L\u00ebvizjes Vet\u00ebvendosje me Partin\u00eb Demokratike t\u00eb Kosov\u00ebs n\u00eb Komun\u00ebn e Gjilanit. Haziri n\u00eb dpt te Fidani n\u00eb T7 ka th\u00ebn\u00eb se \u00ebsht\u00eb d\u00ebshmuar se kush jan\u00eb ata q\u00eb kan\u00eb k\u00ebrkuar burgosjen e ish-presidentit Hashim Tha\u00e7i dh eish-kryeparlamentarit, Kadri Veseli e q\u00eb sot \u201ckan\u00eb hyr\u00eb n\u00ebn [&hellip;]<\/p>\n","protected":false},"author":1,"featured_media":102224,"comment_status":"closed","ping_status":"closed","sticky":false,"template":"","format":"standard","meta":{"footnotes":""},"categories":[5],"tags":[],"class_list":{"0":"post-102586","1":"post","2":"type-post","3":"status-publish","4":"format-standard","5":"has-post-thumbnail","7":"category-lajme"},"_links":{"self":[{"href":"https:\/\/radiostargjilan.com\/web\/wp-json\/wp\/v2\/posts\/102586","targetHints":{"allow":["GET"]}}],"collection":[{"href":"https:\/\/radiostargjilan.com\/web\/wp-json\/wp\/v2\/posts"}],"about":[{"href":"https:\/\/radiostargjilan.com\/web\/wp-json\/wp\/v2\/types\/post"}],"author":[{"embeddable":true,"href":"https:\/\/radiostargjilan.com\/web\/wp-json\/wp\/v2\/users\/1"}],"replies":[{"embeddable":true,"href":"https:\/\/radiostargjilan.com\/web\/wp-json\/wp\/v2\/comments?post=102586"}],"version-history":[{"count":0,"href":"https:\/\/radiostargjilan.com\/web\/wp-json\/wp\/v2\/posts\/102586\/revisions"}],"wp:featuredmedia":[{"embeddable":true,"href":"https:\/\/radiostargjilan.com\/web\/wp-json\/wp\/v2\/media\/102224"}],"wp:attachment":[{"href":"https:\/\/radiostargjilan.com\/web\/wp-json\/wp\/v2\/media?parent=102586"}],"wp:term":[{"taxonomy":"category","embeddable":true,"href":"https:\/\/radiostargjilan.com\/web\/wp-json\/wp\/v2\/categories?post=102586"},{"taxonomy":"post_tag","embeddable":true,"href":"https:\/\/radiostargjilan.com\/web\/wp-json\/wp\/v2\/tags?post=102586"}],"curies":[{"name":"wp","href":"https:\/\/api.w.org\/{rel}","templated":true}]}}