{"id":102588,"date":"2022-01-11T00:21:42","date_gmt":"2022-01-10T23:21:42","guid":{"rendered":"https:\/\/radiostargjilan.com\/web\/?p=102588"},"modified":"2022-01-11T00:21:42","modified_gmt":"2022-01-10T23:21:42","slug":"paske-ardhe-kadri","status":"publish","type":"post","link":"https:\/\/radiostargjilan.com\/web\/paske-ardhe-kadri\/","title":{"rendered":"Paske ardh\u00eb, Kadri?!"},"content":{"rendered":"<p>Nga Shefik Surdulli:<\/p>\n<p>Paske ardh\u00eb, Kadri?! <\/p>\n<p>Mir\u00eb paske b\u00ebr\u00eb, megjithat\u00eb, t\u00eb pakt\u00ebn nj\u00eb lule? mbi varrin e fresk\u00ebt t\u00eb n\u00ebn\u00ebs Ajshe&#8230;!<\/p>\n<p>Kosova ka ndryshuar, Kadri, sepse tani t\u00eb gjith\u00eb t\u00eb qan\u00eb. T\u00eb &#8220;qan\u00eb&#8221;, aq bukur madje, edhe ata q\u00eb t\u00eb njeh\u00ebn p\u00ebr &#8220;kriminel&#8221;, ata q\u00eb ty dhe shok\u00ebt tu ju duan n\u00eb Hag\u00eb.<br \/>\nAta ta duan vet\u00ebm dhimbjen, Kadri, dhimbje kjo si gjitha t\u00eb tjerat q\u00eb ty nuk t\u00eb kan\u00eb zbrapsur asnj\u00ebher\u00eb t\u00eb vetme, dhe padyshim q\u00eb nuk t\u00eb zbrapsin as tani.<\/p>\n<p>Nejse&#8230;!<br \/>\nMerr pak frym\u00eb Kosove p\u00ebr t&#8217;iu dh\u00ebn\u00eb edhe bashk\u00ebluft\u00ebtar\u00ebve tu atje. Frym\u00eb kjo q\u00eb ti ia dhe Kosov\u00ebs p\u00ebr t\u00eb jetuar ajo e lir\u00eb! <\/p>\n<p>T\u00eb falat e mia!<\/p>\n","protected":false},"excerpt":{"rendered":"<p>Nga Shefik Surdulli: Paske ardh\u00eb, Kadri?! Mir\u00eb paske b\u00ebr\u00eb, megjithat\u00eb, t\u00eb pakt\u00ebn nj\u00eb lule? mbi varrin e fresk\u00ebt t\u00eb n\u00ebn\u00ebs Ajshe&#8230;! Kosova ka ndryshuar, Kadri, sepse tani t\u00eb gjith\u00eb t\u00eb qan\u00eb. T\u00eb &#8220;qan\u00eb&#8221;, aq bukur madje, edhe ata q\u00eb t\u00eb njeh\u00ebn p\u00ebr &#8220;kriminel&#8221;, ata q\u00eb ty dhe shok\u00ebt tu ju duan n\u00eb Hag\u00eb. Ata ta [&hellip;]<\/p>\n","protected":false},"author":1,"featured_media":102532,"comment_status":"closed","ping_status":"closed","sticky":false,"template":"","format":"standard","meta":{"footnotes":""},"categories":[6],"tags":[],"class_list":{"0":"post-102588","1":"post","2":"type-post","3":"status-publish","4":"format-standard","5":"has-post-thumbnail","7":"category-opinion"},"_links":{"self":[{"href":"https:\/\/radiostargjilan.com\/web\/wp-json\/wp\/v2\/posts\/102588","targetHints":{"allow":["GET"]}}],"collection":[{"href":"https:\/\/radiostargjilan.com\/web\/wp-json\/wp\/v2\/posts"}],"about":[{"href":"https:\/\/radiostargjilan.com\/web\/wp-json\/wp\/v2\/types\/post"}],"author":[{"embeddable":true,"href":"https:\/\/radiostargjilan.com\/web\/wp-json\/wp\/v2\/users\/1"}],"replies":[{"embeddable":true,"href":"https:\/\/radiostargjilan.com\/web\/wp-json\/wp\/v2\/comments?post=102588"}],"version-history":[{"count":0,"href":"https:\/\/radiostargjilan.com\/web\/wp-json\/wp\/v2\/posts\/102588\/revisions"}],"wp:featuredmedia":[{"embeddable":true,"href":"https:\/\/radiostargjilan.com\/web\/wp-json\/wp\/v2\/media\/102532"}],"wp:attachment":[{"href":"https:\/\/radiostargjilan.com\/web\/wp-json\/wp\/v2\/media?parent=102588"}],"wp:term":[{"taxonomy":"category","embeddable":true,"href":"https:\/\/radiostargjilan.com\/web\/wp-json\/wp\/v2\/categories?post=102588"},{"taxonomy":"post_tag","embeddable":true,"href":"https:\/\/radiostargjilan.com\/web\/wp-json\/wp\/v2\/tags?post=102588"}],"curies":[{"name":"wp","href":"https:\/\/api.w.org\/{rel}","templated":true}]}}