{"id":103435,"date":"2022-01-17T22:49:46","date_gmt":"2022-01-17T21:49:46","guid":{"rendered":"https:\/\/radiostargjilan.com\/web\/?p=103435"},"modified":"2022-01-17T22:49:46","modified_gmt":"2022-01-17T21:49:46","slug":"blerim-latifi-nese-nuk-ish-derdh-gjaku-i-uck-se-sa-per-rugoven-kishim-perfunduar-ne-autonomi","status":"publish","type":"post","link":"https:\/\/radiostargjilan.com\/web\/blerim-latifi-nese-nuk-ish-derdh-gjaku-i-uck-se-sa-per-rugoven-kishim-perfunduar-ne-autonomi\/","title":{"rendered":"Blerim Latifi: N\u00ebse nuk ish derdh gjaku i U\u00c7K-s\u00eb, sa p\u00ebr Rugov\u00ebn kishim p\u00ebrfunduar n\u00eb autonomi"},"content":{"rendered":"<p>Profesori universitar Blerim Latifi thot\u00eb se pa luft\u00ebn e U\u00c7K\u2019s\u00eb vendi yn\u00eb s\u2019do t\u00eb pavar\u00ebsohej. Latifi dhe Skend\u00ebr Hyseni kan\u00eb debatuar n\u00eb emisionin Pressing n\u00eb T7.<\/p>\n<p>\u201cZ.Hyseni (Skender) tha se e kemi refuzuar m\u00eb 1995 autonomin\u00eb. Un\u00eb po t\u00eb garantoj se n\u00ebse nuk kish shp\u00ebrthyer lufta e U\u00c7K\u2019s\u00eb na kishim p\u00ebrfunduar me nj\u00eb autonomi sa p\u00ebr q\u00eb Rugova kish refuzuar\u201d, tha Latifi.<\/p>\n<p>\u201cTi mundesh me n\u00ebnqesh\u00eb por n\u00ebse s\u2019kish shp\u00ebrthyer lufta k\u00ebtu, n\u00ebse nuk ish derdh, m\u00eb fal \u00ebsht\u00eb pak fraz\u00eb e r\u00ebnd\u00eb, por n\u00ebse nuk ish derdh gjaku n\u00eb k\u00ebt\u00eb vend, n\u00ebse nuk do t\u00eb ishte luftuar n\u00eb k\u00ebt\u00eb vend ne kishim p\u00ebrfunduar n\u00eb autonomi her\u00ebt a von\u00eb\u201d, shtoi ai.<\/p>\n<p>Me k\u00ebt\u00eb nuk \u00ebsht\u00eb pajtuar Hyseni.<\/p>\n<p>\u201cPo t\u00eb mos ndodhte ajo q\u00eb bot\u00ebrisht definohet nd\u00ebrkomb\u00ebtarizim i problemit t\u00eb Kosov\u00ebs un\u00eb ty t\u00eb garantoj se Kosova s\u2019do ta fitonte p\u00ebrkrahjen e bot\u00ebs\u201d, tha Hyseni.<\/p>\n<p>\u201cNuk ka qen\u00eb aq i pa me\u00e7\u00ebr Rugova sa mos ta dinte se do t\u00eb vinte dita q\u00eb do t\u00eb shp\u00ebrthente lufta por donte ta shtynte p\u00ebr t\u00eb p\u00ebrfituar sa m\u00eb shum\u00eb mb\u00ebshtetje nd\u00ebrkomb\u00ebtare\u201d, tha Hyseni.<\/p>\n<p>\u201cPo t\u00eb mos ishte intervenimi i NATO\u2019s ti s\u2019do t\u00eb kishte as autonomi as shtet\u201d, tha Hyseni.<\/p>\n<p>\u201cNuk mendoj ashtu\u201d, ia ktheu Latifi. Ish vonuar, kishim p\u00ebsuar m\u00eb shum\u00eb por pa e \u00e7liruar Kosov\u00ebn s\u2019e kishim l\u00ebn\u00eb\u201d, theksoi Latifi.<\/p>\n","protected":false},"excerpt":{"rendered":"<p>Profesori universitar Blerim Latifi thot\u00eb se pa luft\u00ebn e U\u00c7K\u2019s\u00eb vendi yn\u00eb s\u2019do t\u00eb pavar\u00ebsohej. Latifi dhe Skend\u00ebr Hyseni kan\u00eb debatuar n\u00eb emisionin Pressing n\u00eb T7. \u201cZ.Hyseni (Skender) tha se e kemi refuzuar m\u00eb 1995 autonomin\u00eb. Un\u00eb po t\u00eb garantoj se n\u00ebse nuk kish shp\u00ebrthyer lufta e U\u00c7K\u2019s\u00eb na kishim p\u00ebrfunduar me nj\u00eb autonomi sa [&hellip;]<\/p>\n","protected":false},"author":1,"featured_media":103436,"comment_status":"closed","ping_status":"closed","sticky":false,"template":"","format":"standard","meta":{"footnotes":""},"categories":[5],"tags":[],"class_list":{"0":"post-103435","1":"post","2":"type-post","3":"status-publish","4":"format-standard","5":"has-post-thumbnail","7":"category-lajme"},"_links":{"self":[{"href":"https:\/\/radiostargjilan.com\/web\/wp-json\/wp\/v2\/posts\/103435","targetHints":{"allow":["GET"]}}],"collection":[{"href":"https:\/\/radiostargjilan.com\/web\/wp-json\/wp\/v2\/posts"}],"about":[{"href":"https:\/\/radiostargjilan.com\/web\/wp-json\/wp\/v2\/types\/post"}],"author":[{"embeddable":true,"href":"https:\/\/radiostargjilan.com\/web\/wp-json\/wp\/v2\/users\/1"}],"replies":[{"embeddable":true,"href":"https:\/\/radiostargjilan.com\/web\/wp-json\/wp\/v2\/comments?post=103435"}],"version-history":[{"count":0,"href":"https:\/\/radiostargjilan.com\/web\/wp-json\/wp\/v2\/posts\/103435\/revisions"}],"wp:featuredmedia":[{"embeddable":true,"href":"https:\/\/radiostargjilan.com\/web\/wp-json\/wp\/v2\/media\/103436"}],"wp:attachment":[{"href":"https:\/\/radiostargjilan.com\/web\/wp-json\/wp\/v2\/media?parent=103435"}],"wp:term":[{"taxonomy":"category","embeddable":true,"href":"https:\/\/radiostargjilan.com\/web\/wp-json\/wp\/v2\/categories?post=103435"},{"taxonomy":"post_tag","embeddable":true,"href":"https:\/\/radiostargjilan.com\/web\/wp-json\/wp\/v2\/tags?post=103435"}],"curies":[{"name":"wp","href":"https:\/\/api.w.org\/{rel}","templated":true}]}}