{"id":103526,"date":"2022-01-18T17:23:40","date_gmt":"2022-01-18T16:23:40","guid":{"rendered":"https:\/\/radiostargjilan.com\/web\/?p=103526"},"modified":"2022-01-18T17:23:40","modified_gmt":"2022-01-18T16:23:40","slug":"kajtazi-kurti-ua-shtrenjton-shqiptareve-energjine-elektrike-e-ia-paguan-serbeve","status":"publish","type":"post","link":"https:\/\/radiostargjilan.com\/web\/kajtazi-kurti-ua-shtrenjton-shqiptareve-energjine-elektrike-e-ia-paguan-serbeve\/","title":{"rendered":"Kajtazi: Kurti ua shtrenjton shqiptar\u00ebve energjin\u00eb elektrike e ia paguan serb\u00ebve"},"content":{"rendered":"<p>Qeveria e Kosov\u00ebs sot ka aprovuar k\u00ebrkes\u00ebn e Zyr\u00ebs s\u00eb Rregullatorit p\u00ebr Energji, p\u00ebr rritjen e \u00e7mimit t\u00eb energjis\u00eb elektrike p\u00ebr konsumator\u00ebt q\u00eb harxhojn\u00eb m\u00eb shum\u00eb se 600 kWh energji.<\/p>\n<p>E pas k\u00ebsaj ka reaguar gazetari Vehbi Kajtazi, i cili ka th\u00ebn\u00eb se Qeveria Kurti po ua shtrenjton energjin\u00eb elektrike shqiptar\u00ebve, teksa vazhdon t\u2019ua paguaj at\u00eb serb\u00ebve.<\/p>\n<p>Tutje Kajtazi ka shtuar se serb\u00ebve t\u00eb cil\u00ebve Kurti po ua paguan faturat nuk e njohin at\u00eb si kryeminist\u00ebr e as Kosov\u00ebn si shtet.<\/p>\n<p>\u201cQeveria Kurti po ua shtrejton energjine elektrike shqiptareve qe e sollen ne pushtet, ndersa vazhdon t\u2019ua paguaj faturat serbeve ne veri qe nuk e njohin ate si kryeminister, e as Kosoven si shtet\u201d, shkruan Kajtazi n\u00eb Twitter.<\/p>\n<p><a href=\"https:\/\/radiostargjilan.com\/web\/wp-content\/uploads\/2022\/01\/C71004C9-D758-4896-98E8-7DE2A5EC8C0B.jpeg\"><img loading=\"lazy\" loading=\"lazy\" decoding=\"async\" src=\"https:\/\/radiostargjilan.com\/web\/wp-content\/uploads\/2022\/01\/C71004C9-D758-4896-98E8-7DE2A5EC8C0B.jpeg\" alt=\"\" width=\"1155\" height=\"1034\" class=\"alignnone size-full wp-image-103531\" srcset=\"https:\/\/radiostargjilan.com\/web\/wp-content\/uploads\/2022\/01\/C71004C9-D758-4896-98E8-7DE2A5EC8C0B.jpeg 1155w, https:\/\/radiostargjilan.com\/web\/wp-content\/uploads\/2022\/01\/C71004C9-D758-4896-98E8-7DE2A5EC8C0B-300x269.jpeg 300w, https:\/\/radiostargjilan.com\/web\/wp-content\/uploads\/2022\/01\/C71004C9-D758-4896-98E8-7DE2A5EC8C0B-1024x917.jpeg 1024w, https:\/\/radiostargjilan.com\/web\/wp-content\/uploads\/2022\/01\/C71004C9-D758-4896-98E8-7DE2A5EC8C0B-768x688.jpeg 768w\" sizes=\"auto, (max-width: 1155px) 100vw, 1155px\" \/><\/a><\/p>\n","protected":false},"excerpt":{"rendered":"<p>Qeveria e Kosov\u00ebs sot ka aprovuar k\u00ebrkes\u00ebn e Zyr\u00ebs s\u00eb Rregullatorit p\u00ebr Energji, p\u00ebr rritjen e \u00e7mimit t\u00eb energjis\u00eb elektrike p\u00ebr konsumator\u00ebt q\u00eb harxhojn\u00eb m\u00eb shum\u00eb se 600 kWh energji. E pas k\u00ebsaj ka reaguar gazetari Vehbi Kajtazi, i cili ka th\u00ebn\u00eb se Qeveria Kurti po ua shtrenjton energjin\u00eb elektrike shqiptar\u00ebve, teksa vazhdon t\u2019ua paguaj [&hellip;]<\/p>\n","protected":false},"author":1,"featured_media":103532,"comment_status":"closed","ping_status":"closed","sticky":false,"template":"","format":"standard","meta":{"footnotes":""},"categories":[5],"tags":[],"class_list":{"0":"post-103526","1":"post","2":"type-post","3":"status-publish","4":"format-standard","5":"has-post-thumbnail","7":"category-lajme"},"_links":{"self":[{"href":"https:\/\/radiostargjilan.com\/web\/wp-json\/wp\/v2\/posts\/103526","targetHints":{"allow":["GET"]}}],"collection":[{"href":"https:\/\/radiostargjilan.com\/web\/wp-json\/wp\/v2\/posts"}],"about":[{"href":"https:\/\/radiostargjilan.com\/web\/wp-json\/wp\/v2\/types\/post"}],"author":[{"embeddable":true,"href":"https:\/\/radiostargjilan.com\/web\/wp-json\/wp\/v2\/users\/1"}],"replies":[{"embeddable":true,"href":"https:\/\/radiostargjilan.com\/web\/wp-json\/wp\/v2\/comments?post=103526"}],"version-history":[{"count":0,"href":"https:\/\/radiostargjilan.com\/web\/wp-json\/wp\/v2\/posts\/103526\/revisions"}],"wp:featuredmedia":[{"embeddable":true,"href":"https:\/\/radiostargjilan.com\/web\/wp-json\/wp\/v2\/media\/103532"}],"wp:attachment":[{"href":"https:\/\/radiostargjilan.com\/web\/wp-json\/wp\/v2\/media?parent=103526"}],"wp:term":[{"taxonomy":"category","embeddable":true,"href":"https:\/\/radiostargjilan.com\/web\/wp-json\/wp\/v2\/categories?post=103526"},{"taxonomy":"post_tag","embeddable":true,"href":"https:\/\/radiostargjilan.com\/web\/wp-json\/wp\/v2\/tags?post=103526"}],"curies":[{"name":"wp","href":"https:\/\/api.w.org\/{rel}","templated":true}]}}