{"id":103615,"date":"2022-01-19T17:46:50","date_gmt":"2022-01-19T16:46:50","guid":{"rendered":"https:\/\/radiostargjilan.com\/web\/?p=103615"},"modified":"2022-01-19T17:46:50","modified_gmt":"2022-01-19T16:46:50","slug":"xeni-merr-vendim-te-largohet-nga-muzika","status":"publish","type":"post","link":"https:\/\/radiostargjilan.com\/web\/xeni-merr-vendim-te-largohet-nga-muzika\/","title":{"rendered":"Xeni merr vendim t\u00eb largohet nga muzika"},"content":{"rendered":"<p>K\u00ebng\u00ebtari i mir\u00ebnjohur i sken\u00ebs shqiptare, Shk\u00eblzen Jetishi-Xeni, p\u00ebrgjat\u00eb viteve ka qen\u00eb tejet aktiv n\u00eb muzik\u00eb e prezent n\u00eb shum\u00eb ahengje familjare.<\/p>\n<p>Megjithat\u00eb, ai n\u00eb nj\u00eb postim t\u00eb fundit t\u00eb shp\u00ebrndar\u00eb n\u00eb rrjete sociale njofton fansat se k\u00ebt\u00eb vit do t\u00eb pushoj\u00eb dhe do t\u2019i anuloj\u00eb t\u00eb gjitha aktivitetet muzikore.<\/p>\n<p>Vendimi i Xenit duket t\u00eb jet\u00eb b\u00ebr\u00eb p\u00ebr shkak t\u00eb nj\u00eb nd\u00ebrhyrje kirurgjike q\u00eb kishte pasur, n\u00eb konsultim me mjekun.<\/p>\n<p>I nj\u00ebjti tutje ka fal\u00ebnderuar t\u00eb gjith\u00eb miqt\u00eb dhe admiruesit q\u00eb e kan\u00eb ndjekur p\u00ebr k\u00ebto vite.<\/p>\n<p>Ky \u00ebsht\u00eb postimi i plot\u00eb i Xenit (pa nd\u00ebrhyrje):<\/p>\n<p>\u201cT\u00eb dashur miq, dashamir\u00eb dhe adhurues t\u00eb k\u00ebng\u00ebs sime, pas shum\u00eb vite s\u00eb bashku n\u00eb shum\u00eb koncerte,albume,ahengje familjare dhe aktivitete t\u00eb ndryshme muzikore,duke i q\u00ebndruar besnik k\u00ebng\u00ebs popullore, edhe ne koh\u00eb t\u00eb v\u00ebshtira ku aktivitetin muzikor e kishim t\u00eb ndaluar, dua t\u00eb ju fal\u00ebderoj p\u00ebr p\u00ebrkrahjen e pa ndalshme n\u00eb koh\u00eb dhimbje dhe g\u00ebzimi.<\/p>\n<p>Pa mb\u00ebshtetjen tuaj t\u00eb vazhdueshme, nuk do t\u00eb isha Xeni q\u00eb jam sot. T\u00eb gjitha t\u00eb arriturat i konsideroj si vler\u00eb t\u00eb p\u00ebrbashk\u00ebt.<\/p>\n<p>Pas shum\u00eb viteve angazhim t\u00eb pa ndalsh\u00ebm, dhe pas intervenimit kirurgjik qe kom pas, ne konsultim me mjekun,kam vendosur q\u00eb k\u00ebt\u00eb vit t\u00eb pushoj dhe te anuloj te gjitha aktivitetet e mija muzikore.<\/p>\n<p>Gjat\u00eb k\u00ebsaj periudhe, do t\u00eb p\u00ebrpiqem ti p\u00ebrkushtohem familjes, shok\u00ebve dhe miqve t\u00eb cil\u00ebve ju kam munguar p\u00ebr shum\u00eb vite.<\/p>\n<p>Shpresoj q\u00eb do m\u00eb mir\u00ebkuptoni dhe uroj q\u00eb vitin e ardhsh\u00ebm t\u00eb jemi shendosh e mir\u00eb.Do i madhi zot,e me k\u00ebnaq\u00ebsi do ngjitem prap ne skene, duke k\u00ebndu k\u00ebng\u00ebn e mirfillt\u00eb shqipe deri n\u00eb frym\u00ebn e fundit.<\/p>\n<p>I juaji,<\/p>\n<p>Shkelzen Jetishi \u2013 Xeni\u201d.<\/p>\n","protected":false},"excerpt":{"rendered":"<p>K\u00ebng\u00ebtari i mir\u00ebnjohur i sken\u00ebs shqiptare, Shk\u00eblzen Jetishi-Xeni, p\u00ebrgjat\u00eb viteve ka qen\u00eb tejet aktiv n\u00eb muzik\u00eb e prezent n\u00eb shum\u00eb ahengje familjare. Megjithat\u00eb, ai n\u00eb nj\u00eb postim t\u00eb fundit t\u00eb shp\u00ebrndar\u00eb n\u00eb rrjete sociale njofton fansat se k\u00ebt\u00eb vit do t\u00eb pushoj\u00eb dhe do t\u2019i anuloj\u00eb t\u00eb gjitha aktivitetet muzikore. Vendimi i Xenit duket t\u00eb [&hellip;]<\/p>\n","protected":false},"author":1,"featured_media":103616,"comment_status":"closed","ping_status":"closed","sticky":false,"template":"","format":"standard","meta":{"footnotes":""},"categories":[9],"tags":[],"class_list":{"0":"post-103615","1":"post","2":"type-post","3":"status-publish","4":"format-standard","5":"has-post-thumbnail","7":"category-magazina"},"_links":{"self":[{"href":"https:\/\/radiostargjilan.com\/web\/wp-json\/wp\/v2\/posts\/103615","targetHints":{"allow":["GET"]}}],"collection":[{"href":"https:\/\/radiostargjilan.com\/web\/wp-json\/wp\/v2\/posts"}],"about":[{"href":"https:\/\/radiostargjilan.com\/web\/wp-json\/wp\/v2\/types\/post"}],"author":[{"embeddable":true,"href":"https:\/\/radiostargjilan.com\/web\/wp-json\/wp\/v2\/users\/1"}],"replies":[{"embeddable":true,"href":"https:\/\/radiostargjilan.com\/web\/wp-json\/wp\/v2\/comments?post=103615"}],"version-history":[{"count":0,"href":"https:\/\/radiostargjilan.com\/web\/wp-json\/wp\/v2\/posts\/103615\/revisions"}],"wp:featuredmedia":[{"embeddable":true,"href":"https:\/\/radiostargjilan.com\/web\/wp-json\/wp\/v2\/media\/103616"}],"wp:attachment":[{"href":"https:\/\/radiostargjilan.com\/web\/wp-json\/wp\/v2\/media?parent=103615"}],"wp:term":[{"taxonomy":"category","embeddable":true,"href":"https:\/\/radiostargjilan.com\/web\/wp-json\/wp\/v2\/categories?post=103615"},{"taxonomy":"post_tag","embeddable":true,"href":"https:\/\/radiostargjilan.com\/web\/wp-json\/wp\/v2\/tags?post=103615"}],"curies":[{"name":"wp","href":"https:\/\/api.w.org\/{rel}","templated":true}]}}