{"id":103673,"date":"2022-01-20T10:33:16","date_gmt":"2022-01-20T09:33:16","guid":{"rendered":"https:\/\/radiostargjilan.com\/web\/?p=103673"},"modified":"2022-01-20T10:33:16","modified_gmt":"2022-01-20T09:33:16","slug":"perfundon-takimi-i-komitetit-per-menaxhim-te-pandemise-lokalet-pritet-te-mbyllen-ne-ora-2200","status":"publish","type":"post","link":"https:\/\/radiostargjilan.com\/web\/perfundon-takimi-i-komitetit-per-menaxhim-te-pandemise-lokalet-pritet-te-mbyllen-ne-ora-2200\/","title":{"rendered":"P\u00ebrfundon takimi i komitetit p\u00ebr menaxhim t\u00eb pandemis\u00eb, lokalet pritet t\u00eb mbyllen n\u00eb ora 22:00"},"content":{"rendered":"<p>Gjat\u00eb dit\u00ebs s\u00eb sotme, \u00ebsht\u00eb mbajtur mbledhja e Komitetit p\u00ebr koordinim dhe vler\u00ebsimin e situat\u00ebs epidemiologjike lidhur me COVID-19 n\u00eb Kosov\u00eb.<br \/>\nSi\u00e7 ishte paralajm\u00ebruar, n\u00eb k\u00ebt\u00eb takim ishte planifikuar diskutimi i mund\u00ebsis\u00eb p\u00ebr vendosjen e masave t\u00eb reja pas rritjes enorme t\u00eb rasteve me COVID-19.<\/p>\n<p>Nga objekti i Qeveris\u00eb t\u00eb enjten n\u00eb m\u00ebngjes pas mbledhjes jan\u00eb par\u00eb duke dal\u00eb ministrja e Arsimit, Arb\u00ebrie Nagavci, ai i Brendsh\u00ebm, Xhelal Sve\u00e7la dhe ministri i Sh\u00ebndet\u00ebsis\u00eb, Rifat Latifi.<\/p>\n<p>I NGJAJSH\u00cbM P\u00cbRFUNDON TAKIMI I KOMITETIT P\u00cbR MENAXHIM T\u00cb PANDEMIS\u00cb, LOKALET PRITET T\u00cb MBYLLEN N\u00cb ORA 22:00 Ky i fundit n\u00eb nj\u00eb adresim p\u00ebr medie pas takimit ka th\u00ebn\u00eb se masat do t\u00eb rishikohen dhe se ende jan\u00eb duke u diskutuar.Ai nuk ka dh\u00ebn\u00eb detaje duke th\u00ebn\u00eb se kan\u00eb diskutuar t\u00eb mbyllen lokalet n\u00eb or\u00ebn 22.<\/p>\n<p>Vet\u00ebm t\u00eb m\u00ebrkur\u00ebn u regjistruan 2050 raste t\u00eb reja pozitive, duke e vazhduar trendin ngrit\u00ebs. Aktualisht jan\u00eb mbi 7200 raste aktive me COVID-19.Ndryshe, dit\u00ebn e m\u00ebrkur\u00eb n\u00eb Kosov\u00eb jan\u00eb konfirmuar 2050 raste t\u00eb reja me koronavirus.MSH u ka b\u00ebr\u00eb thirrje qytetar\u00ebve q\u00eb t\u00eb respektojn\u00eb masat antiCOVID, duke njoftuar se varianti Omicron i koronavirusit tanim\u00eb \u00ebsht\u00eb b\u00ebr\u00eb variant dominues n\u00eb qarkullim.Aktualisht n\u00eb Kosov\u00eb vlejn\u00eb masat kufizuese t\u00eb nd\u00ebrmarra gjat\u00eb vitit 2021, ku pas or\u00ebs 24:00 deri n\u00eb ora 05:00 vlen ora policore, nd\u00ebrsa, nga 3 janari n\u00eb Kosov\u00eb mund t\u00eb hyjn\u00eb vet\u00ebm qytetar\u00ebt q\u00eb kan\u00eb marr\u00eb dy dozat kund\u00ebr koronavirusit.\/Lajmi.net\/<\/p>\n","protected":false},"excerpt":{"rendered":"<p>Gjat\u00eb dit\u00ebs s\u00eb sotme, \u00ebsht\u00eb mbajtur mbledhja e Komitetit p\u00ebr koordinim dhe vler\u00ebsimin e situat\u00ebs epidemiologjike lidhur me COVID-19 n\u00eb Kosov\u00eb. Si\u00e7 ishte paralajm\u00ebruar, n\u00eb k\u00ebt\u00eb takim ishte planifikuar diskutimi i mund\u00ebsis\u00eb p\u00ebr vendosjen e masave t\u00eb reja pas rritjes enorme t\u00eb rasteve me COVID-19. Nga objekti i Qeveris\u00eb t\u00eb enjten n\u00eb m\u00ebngjes pas mbledhjes [&hellip;]<\/p>\n","protected":false},"author":1,"featured_media":103633,"comment_status":"closed","ping_status":"closed","sticky":false,"template":"","format":"standard","meta":{"footnotes":""},"categories":[5],"tags":[],"class_list":{"0":"post-103673","1":"post","2":"type-post","3":"status-publish","4":"format-standard","5":"has-post-thumbnail","7":"category-lajme"},"_links":{"self":[{"href":"https:\/\/radiostargjilan.com\/web\/wp-json\/wp\/v2\/posts\/103673","targetHints":{"allow":["GET"]}}],"collection":[{"href":"https:\/\/radiostargjilan.com\/web\/wp-json\/wp\/v2\/posts"}],"about":[{"href":"https:\/\/radiostargjilan.com\/web\/wp-json\/wp\/v2\/types\/post"}],"author":[{"embeddable":true,"href":"https:\/\/radiostargjilan.com\/web\/wp-json\/wp\/v2\/users\/1"}],"replies":[{"embeddable":true,"href":"https:\/\/radiostargjilan.com\/web\/wp-json\/wp\/v2\/comments?post=103673"}],"version-history":[{"count":0,"href":"https:\/\/radiostargjilan.com\/web\/wp-json\/wp\/v2\/posts\/103673\/revisions"}],"wp:featuredmedia":[{"embeddable":true,"href":"https:\/\/radiostargjilan.com\/web\/wp-json\/wp\/v2\/media\/103633"}],"wp:attachment":[{"href":"https:\/\/radiostargjilan.com\/web\/wp-json\/wp\/v2\/media?parent=103673"}],"wp:term":[{"taxonomy":"category","embeddable":true,"href":"https:\/\/radiostargjilan.com\/web\/wp-json\/wp\/v2\/categories?post=103673"},{"taxonomy":"post_tag","embeddable":true,"href":"https:\/\/radiostargjilan.com\/web\/wp-json\/wp\/v2\/tags?post=103673"}],"curies":[{"name":"wp","href":"https:\/\/api.w.org\/{rel}","templated":true}]}}