{"id":103678,"date":"2022-01-20T11:02:03","date_gmt":"2022-01-20T10:02:03","guid":{"rendered":"https:\/\/radiostargjilan.com\/web\/?p=103678"},"modified":"2022-01-20T11:02:03","modified_gmt":"2022-01-20T10:02:03","slug":"aktvendimi-i-kushtetueses-arianit-sllamniku-kercenon-shtetin-pushka-top-ju-bofte","status":"publish","type":"post","link":"https:\/\/radiostargjilan.com\/web\/aktvendimi-i-kushtetueses-arianit-sllamniku-kercenon-shtetin-pushka-top-ju-bofte\/","title":{"rendered":"Aktvendimi i Kushtetueses, Arianit Sllamniku k\u00ebrc\u00ebnon shtetin: \u201cPushka top ju boft\u00eb\u201d"},"content":{"rendered":"<p>Sllamniku Ai n\u00eb nj\u00eb postim n\u00eb Facebook ka k\u00ebrc\u00ebnuar institucionet shtet\u00ebrore duke i paralajm\u00ebruar se nga sot vlen kauza \u201cdy duar p\u00ebr nj\u00eb kry\u201d.<\/p>\n<p>Arianit Sllamniku ka reaguar pas vendimit t\u00eb Gjykat\u00ebs Kushtetuese p\u00ebr hedhjen posht\u00eb t\u00eb ankes\u00ebs s\u00eb tij kundrejt vendimit t\u00eb Qeveris\u00eb s\u00eb Kosov\u00ebs p\u00ebr masat antiCOVID.<\/p>\n<p>Ai n\u00eb nj\u00eb postim n\u00eb Facebook ka k\u00ebrc\u00ebnuar institucionet shtet\u00ebrore duke i paralajm\u00ebruar se nga sot vlen kauza \u201cdy duar p\u00ebr nj\u00eb kry\u201d.<\/p>\n<p>\u201cNga ky moment po e paralajm\u00ebroj secilin institucion se vlen kauza:\u201dDY DUAR P\u00cbR NJ\u00cb KRY\u201d Pushka top ju boft\u00eb!\u201d, shkruan ai n\u00eb Facebook.<\/p>\n<p>Kujtojm\u00eb se Kushtetuesja sot ka hedhur posht\u00eb ankes\u00ebn e Sllamnikut me arsyetimin se nuk \u00ebsht\u00eb pal\u00eb e autorizuar p\u00ebr t\u00eb kontestuar l\u00ebnd\u00eb n\u00eb gjykat\u00eb.<\/p>\n<p>Kushtetuesja, n\u00eb nj\u00eb aktvendim t\u00eb nxjerr\u00eb t\u00eb m\u00ebrkur\u00ebn, e vler\u00ebsoi t\u00eb pabazuar ankes\u00ebn e Sllamnikut kund\u00ebr vendimit t\u00eb Qeveris\u00eb s\u00eb Kosov\u00ebs \u201cp\u00ebr masat e p\u00ebrgjithshme dhe t\u00eb ve\u00e7anta p\u00ebr kontrollin, parandalimin dhe luftimin e pandemis\u00eb COVID-19\u201d, t\u00eb shpallura n\u00eb qershor t\u00eb 2020-s.<\/p>\n<p>Sllamniku, n\u00eb ankes\u00ebn e tij, ka kontestuar vendimin e qeveris\u00eb q\u00eb theksonte se, mes tjerash, \u201cse nuk mund t\u00eb hyjn\u00eb n\u00eb institucione, pa poseduar certifikat\u00ebn e vaksinimit apo d\u00ebshmit\u00eb tjera, dhe poashtu theksojn\u00eb se qytetar\u00ebt n\u00eb p\u00ebrgjith\u00ebsi kusht\u00ebzohen me vendin e tyre t\u00eb pun\u00ebs me q\u00ebllim t\u00eb marrjes s\u00eb vaksin\u00ebs.\u201d<\/p>\n<p>Por, ankesa \u00ebsht\u00eb cil\u00ebsuar e pavlefshme p\u00ebr shkak se parashtruesi, n\u00eb k\u00ebt\u00eb rast Arianit Sllamniku, nuk konsiderohet pal\u00eb e autorizuar p\u00ebr t\u00eb kontestuar vendimet e qeveris\u00eb.<\/p>\n<p>\u201cN\u00eb rrethanat e rastit konkret, Gjykata konstatoi se nuk sheh ndonj\u00eb rrethan\u00eb apo arsye t\u00eb vendos\u00eb ndryshe nga praktika e saj e gjyq\u00ebsore n\u00eb raste t\u00eb ngjashme, megjithat\u00eb rikujtoi se individ\u00ebt kan\u00eb t\u00eb drejt\u00eb t\u00eb kontestojn\u00eb vet\u00ebm aktet individuale t\u00eb autoriteteve publike q\u00eb cenojn\u00eb t\u00eb drejtat e tyre individuale dhe vet\u00ebm pas shterimit t\u00eb t\u00eb gjitha mjeteve juridike\u201d, thuhet n\u00eb aktvendimin e Kushtetueses.<\/p>\n<p>\u201cP\u00ebr pasoj\u00eb dhe bazuar edhe n\u00eb sqarimet e dh\u00ebna n\u00eb Aktvendimin e publikuar Gjykata konstatoi se duke marr\u00eb parasysh pretendimet e ngritura nga parashtruesit e k\u00ebrkes\u00ebs dhe faktet e paraqitura nga ata, k\u00ebrkesa e parashtruesve t\u00eb k\u00ebrkes\u00ebs duhet t\u00eb shpallet e papranueshme sepse nuk \u00ebsht\u00eb dor\u00ebzuar nga nj\u00eb pal\u00eb e autorizuar\u201d, thuhet n\u00eb vendimin e gjykat\u00ebs.<\/p>\n","protected":false},"excerpt":{"rendered":"<p>Sllamniku Ai n\u00eb nj\u00eb postim n\u00eb Facebook ka k\u00ebrc\u00ebnuar institucionet shtet\u00ebrore duke i paralajm\u00ebruar se nga sot vlen kauza \u201cdy duar p\u00ebr nj\u00eb kry\u201d. Arianit Sllamniku ka reaguar pas vendimit t\u00eb Gjykat\u00ebs Kushtetuese p\u00ebr hedhjen posht\u00eb t\u00eb ankes\u00ebs s\u00eb tij kundrejt vendimit t\u00eb Qeveris\u00eb s\u00eb Kosov\u00ebs p\u00ebr masat antiCOVID. Ai n\u00eb nj\u00eb postim n\u00eb Facebook [&hellip;]<\/p>\n","protected":false},"author":1,"featured_media":103679,"comment_status":"closed","ping_status":"closed","sticky":false,"template":"","format":"standard","meta":{"footnotes":""},"categories":[5],"tags":[],"class_list":{"0":"post-103678","1":"post","2":"type-post","3":"status-publish","4":"format-standard","5":"has-post-thumbnail","7":"category-lajme"},"_links":{"self":[{"href":"https:\/\/radiostargjilan.com\/web\/wp-json\/wp\/v2\/posts\/103678","targetHints":{"allow":["GET"]}}],"collection":[{"href":"https:\/\/radiostargjilan.com\/web\/wp-json\/wp\/v2\/posts"}],"about":[{"href":"https:\/\/radiostargjilan.com\/web\/wp-json\/wp\/v2\/types\/post"}],"author":[{"embeddable":true,"href":"https:\/\/radiostargjilan.com\/web\/wp-json\/wp\/v2\/users\/1"}],"replies":[{"embeddable":true,"href":"https:\/\/radiostargjilan.com\/web\/wp-json\/wp\/v2\/comments?post=103678"}],"version-history":[{"count":0,"href":"https:\/\/radiostargjilan.com\/web\/wp-json\/wp\/v2\/posts\/103678\/revisions"}],"wp:featuredmedia":[{"embeddable":true,"href":"https:\/\/radiostargjilan.com\/web\/wp-json\/wp\/v2\/media\/103679"}],"wp:attachment":[{"href":"https:\/\/radiostargjilan.com\/web\/wp-json\/wp\/v2\/media?parent=103678"}],"wp:term":[{"taxonomy":"category","embeddable":true,"href":"https:\/\/radiostargjilan.com\/web\/wp-json\/wp\/v2\/categories?post=103678"},{"taxonomy":"post_tag","embeddable":true,"href":"https:\/\/radiostargjilan.com\/web\/wp-json\/wp\/v2\/tags?post=103678"}],"curies":[{"name":"wp","href":"https:\/\/api.w.org\/{rel}","templated":true}]}}