{"id":103683,"date":"2022-01-20T13:45:23","date_gmt":"2022-01-20T12:45:23","guid":{"rendered":"https:\/\/radiostargjilan.com\/web\/?p=103683"},"modified":"2022-01-20T13:45:23","modified_gmt":"2022-01-20T12:45:23","slug":"masat-e-reja-anticovid-19-reagon-fero-na-duhet-te-rikthehet-thaci","status":"publish","type":"post","link":"https:\/\/radiostargjilan.com\/web\/masat-e-reja-anticovid-19-reagon-fero-na-duhet-te-rikthehet-thaci\/","title":{"rendered":"Masat e reja antiCOVID-19, reagon Fero: Na duhet t\u00eb rikthehet Tha\u00e7i"},"content":{"rendered":"<p>Dit\u00ebve t\u00eb fundit \u00ebsht\u00eb shtuar duksh\u00ebm numri i infektimeve me COVID-19 n\u00eb Kosov\u00eb.<\/p>\n<p>Kjo ka b\u00ebr\u00eb q\u00eb t\u00eb v\u00eb n\u00eb l\u00ebvizje institucionet kompetente duke paralajm\u00ebruar masa t\u00eb reja n\u00eb m\u00ebnyr\u00eb t\u00eb parandalimit t\u00eb coronavirusit.<\/p>\n<p>Dje u njoftua q\u00eb dit\u00ebn e sotme (e enjte) do t\u00eb mblidhet Komiteti p\u00ebr Vler\u00ebsim dhe Koordinim p\u00ebr t\u00eb shqyrtuar mund\u00ebsin\u00eb e ndryshimit t\u00eb masave aktuale.<\/p>\n<p>Lidhur me k\u00ebt\u00eb reagimet n\u00eb internet kan\u00eb qen\u00eb t\u00eb menj\u00ebhershme dhe nj\u00eb t\u00eb till\u00eb e ka b\u00ebr\u00eb edhe reperi Fero.<\/p>\n<p>Artisti nga Gjilani n\u00eb nj\u00eb postim t\u00eb shp\u00ebrndar\u00eb n\u00eb InstaStory ku b\u00ebhen t\u00eb ditura masat e reja ka k\u00ebrkuar q\u00eb t\u00eb rikthehet Hashim Tha\u00e7i.<\/p>\n<p>\u201cNa duhet Tha\u00e7i t\u00eb kthehet n\u00eb krye\u201d, u shpreh ai.<\/p>\n<p><a href=\"https:\/\/radiostargjilan.com\/web\/wp-content\/uploads\/2022\/01\/B0C6B47C-56E1-4D85-AC87-8766F7D087CB.png\"><img loading=\"lazy\" loading=\"lazy\" decoding=\"async\" src=\"https:\/\/radiostargjilan.com\/web\/wp-content\/uploads\/2022\/01\/B0C6B47C-56E1-4D85-AC87-8766F7D087CB.png\" alt=\"\" width=\"492\" height=\"882\" class=\"alignnone size-full wp-image-103685\" srcset=\"https:\/\/radiostargjilan.com\/web\/wp-content\/uploads\/2022\/01\/B0C6B47C-56E1-4D85-AC87-8766F7D087CB.png 492w, https:\/\/radiostargjilan.com\/web\/wp-content\/uploads\/2022\/01\/B0C6B47C-56E1-4D85-AC87-8766F7D087CB-167x300.png 167w\" sizes=\"auto, (max-width: 492px) 100vw, 492px\" \/><\/a><\/p>\n","protected":false},"excerpt":{"rendered":"<p>Dit\u00ebve t\u00eb fundit \u00ebsht\u00eb shtuar duksh\u00ebm numri i infektimeve me COVID-19 n\u00eb Kosov\u00eb. Kjo ka b\u00ebr\u00eb q\u00eb t\u00eb v\u00eb n\u00eb l\u00ebvizje institucionet kompetente duke paralajm\u00ebruar masa t\u00eb reja n\u00eb m\u00ebnyr\u00eb t\u00eb parandalimit t\u00eb coronavirusit. Dje u njoftua q\u00eb dit\u00ebn e sotme (e enjte) do t\u00eb mblidhet Komiteti p\u00ebr Vler\u00ebsim dhe Koordinim p\u00ebr t\u00eb shqyrtuar mund\u00ebsin\u00eb [&hellip;]<\/p>\n","protected":false},"author":1,"featured_media":103684,"comment_status":"closed","ping_status":"closed","sticky":false,"template":"","format":"standard","meta":{"footnotes":""},"categories":[5],"tags":[],"class_list":{"0":"post-103683","1":"post","2":"type-post","3":"status-publish","4":"format-standard","5":"has-post-thumbnail","7":"category-lajme"},"_links":{"self":[{"href":"https:\/\/radiostargjilan.com\/web\/wp-json\/wp\/v2\/posts\/103683","targetHints":{"allow":["GET"]}}],"collection":[{"href":"https:\/\/radiostargjilan.com\/web\/wp-json\/wp\/v2\/posts"}],"about":[{"href":"https:\/\/radiostargjilan.com\/web\/wp-json\/wp\/v2\/types\/post"}],"author":[{"embeddable":true,"href":"https:\/\/radiostargjilan.com\/web\/wp-json\/wp\/v2\/users\/1"}],"replies":[{"embeddable":true,"href":"https:\/\/radiostargjilan.com\/web\/wp-json\/wp\/v2\/comments?post=103683"}],"version-history":[{"count":0,"href":"https:\/\/radiostargjilan.com\/web\/wp-json\/wp\/v2\/posts\/103683\/revisions"}],"wp:featuredmedia":[{"embeddable":true,"href":"https:\/\/radiostargjilan.com\/web\/wp-json\/wp\/v2\/media\/103684"}],"wp:attachment":[{"href":"https:\/\/radiostargjilan.com\/web\/wp-json\/wp\/v2\/media?parent=103683"}],"wp:term":[{"taxonomy":"category","embeddable":true,"href":"https:\/\/radiostargjilan.com\/web\/wp-json\/wp\/v2\/categories?post=103683"},{"taxonomy":"post_tag","embeddable":true,"href":"https:\/\/radiostargjilan.com\/web\/wp-json\/wp\/v2\/tags?post=103683"}],"curies":[{"name":"wp","href":"https:\/\/api.w.org\/{rel}","templated":true}]}}