{"id":103929,"date":"2022-01-22T15:58:49","date_gmt":"2022-01-22T14:58:49","guid":{"rendered":"https:\/\/radiostargjilan.com\/web\/?p=103929"},"modified":"2022-01-22T15:58:49","modified_gmt":"2022-01-22T14:58:49","slug":"gjilan-195-raste-te-reja-me-covid-19-regjistrohen-vetem-sot","status":"publish","type":"post","link":"https:\/\/radiostargjilan.com\/web\/gjilan-195-raste-te-reja-me-covid-19-regjistrohen-vetem-sot\/","title":{"rendered":"Gjilan: 195 raste t\u00eb reja me COVID-19 regjistrohen vet\u00ebm sot"},"content":{"rendered":"<p>195 raste t\u00eb infektuara me COVID-19 jan\u00eb regjistruar n\u00eb 24 or\u00ebt e fundit n\u00eb Gjilan, raporton Radio Star.<\/p>\n<p>Rezultatet zyrtare jan\u00eb b\u00ebr\u00eb publike n\u00eb or\u00ebn 15:00 nga Instituti Komb\u00ebtar i Sh\u00ebndetit Publik, ku n\u00eb gjith\u00eb Kosov\u00ebn, 3206 persona kan\u00eb rezultuar pozitiv me Covid-19.<\/p>\n<p><a href=\"https:\/\/radiostargjilan.com\/web\/wp-content\/uploads\/2022\/01\/7BF5A6E6-14F0-4EA0-9529-236A646D32C4.jpeg\"><img loading=\"lazy\" loading=\"lazy\" decoding=\"async\" src=\"https:\/\/radiostargjilan.com\/web\/wp-content\/uploads\/2022\/01\/7BF5A6E6-14F0-4EA0-9529-236A646D32C4.jpeg\" alt=\"\" width=\"1234\" height=\"2142\" class=\"alignnone size-full wp-image-103930\" srcset=\"https:\/\/radiostargjilan.com\/web\/wp-content\/uploads\/2022\/01\/7BF5A6E6-14F0-4EA0-9529-236A646D32C4.jpeg 1234w, https:\/\/radiostargjilan.com\/web\/wp-content\/uploads\/2022\/01\/7BF5A6E6-14F0-4EA0-9529-236A646D32C4-173x300.jpeg 173w, https:\/\/radiostargjilan.com\/web\/wp-content\/uploads\/2022\/01\/7BF5A6E6-14F0-4EA0-9529-236A646D32C4-590x1024.jpeg 590w, https:\/\/radiostargjilan.com\/web\/wp-content\/uploads\/2022\/01\/7BF5A6E6-14F0-4EA0-9529-236A646D32C4-768x1333.jpeg 768w, https:\/\/radiostargjilan.com\/web\/wp-content\/uploads\/2022\/01\/7BF5A6E6-14F0-4EA0-9529-236A646D32C4-885x1536.jpeg 885w, https:\/\/radiostargjilan.com\/web\/wp-content\/uploads\/2022\/01\/7BF5A6E6-14F0-4EA0-9529-236A646D32C4-1180x2048.jpeg 1180w\" sizes=\"auto, (max-width: 1234px) 100vw, 1234px\" \/><\/a><\/p>\n","protected":false},"excerpt":{"rendered":"<p>195 raste t\u00eb infektuara me COVID-19 jan\u00eb regjistruar n\u00eb 24 or\u00ebt e fundit n\u00eb Gjilan, raporton Radio Star. Rezultatet zyrtare jan\u00eb b\u00ebr\u00eb publike n\u00eb or\u00ebn 15:00 nga Instituti Komb\u00ebtar i Sh\u00ebndetit Publik, ku n\u00eb gjith\u00eb Kosov\u00ebn, 3206 persona kan\u00eb rezultuar pozitiv me Covid-19.<\/p>\n","protected":false},"author":1,"featured_media":103633,"comment_status":"closed","ping_status":"closed","sticky":false,"template":"","format":"standard","meta":{"footnotes":""},"categories":[5],"tags":[],"class_list":{"0":"post-103929","1":"post","2":"type-post","3":"status-publish","4":"format-standard","5":"has-post-thumbnail","7":"category-lajme"},"_links":{"self":[{"href":"https:\/\/radiostargjilan.com\/web\/wp-json\/wp\/v2\/posts\/103929","targetHints":{"allow":["GET"]}}],"collection":[{"href":"https:\/\/radiostargjilan.com\/web\/wp-json\/wp\/v2\/posts"}],"about":[{"href":"https:\/\/radiostargjilan.com\/web\/wp-json\/wp\/v2\/types\/post"}],"author":[{"embeddable":true,"href":"https:\/\/radiostargjilan.com\/web\/wp-json\/wp\/v2\/users\/1"}],"replies":[{"embeddable":true,"href":"https:\/\/radiostargjilan.com\/web\/wp-json\/wp\/v2\/comments?post=103929"}],"version-history":[{"count":0,"href":"https:\/\/radiostargjilan.com\/web\/wp-json\/wp\/v2\/posts\/103929\/revisions"}],"wp:featuredmedia":[{"embeddable":true,"href":"https:\/\/radiostargjilan.com\/web\/wp-json\/wp\/v2\/media\/103633"}],"wp:attachment":[{"href":"https:\/\/radiostargjilan.com\/web\/wp-json\/wp\/v2\/media?parent=103929"}],"wp:term":[{"taxonomy":"category","embeddable":true,"href":"https:\/\/radiostargjilan.com\/web\/wp-json\/wp\/v2\/categories?post=103929"},{"taxonomy":"post_tag","embeddable":true,"href":"https:\/\/radiostargjilan.com\/web\/wp-json\/wp\/v2\/tags?post=103929"}],"curies":[{"name":"wp","href":"https:\/\/api.w.org\/{rel}","templated":true}]}}