{"id":104199,"date":"2022-01-25T09:16:40","date_gmt":"2022-01-25T08:16:40","guid":{"rendered":"https:\/\/radiostargjilan.com\/web\/?p=104199"},"modified":"2022-01-25T09:16:40","modified_gmt":"2022-01-25T08:16:40","slug":"videoja-nga-morgu-ku-kufoma-rikthehet-ne-jete-flet-ministria-e-shendetesise","status":"publish","type":"post","link":"https:\/\/radiostargjilan.com\/web\/videoja-nga-morgu-ku-kufoma-rikthehet-ne-jete-flet-ministria-e-shendetesise\/","title":{"rendered":"Videoja nga morgu ku kufoma \u201crikthehet n\u00eb jet\u00eb\u201d, flet Ministria e Sh\u00ebndet\u00ebsis\u00eb"},"content":{"rendered":"<p>N\u00eb rrjetet sociale n\u00eb Rusi jan\u00eb shfaqur pamjet e kamerave t\u00eb siguris\u00eb brenda nj\u00eb morgu, ku shihet se si trupi i nj\u00eb burri t\u00eb mbuluar me \u00e7ar\u00e7af \u201crikthehet n\u00eb jet\u00eb\u201d, ngritet n\u00eb k\u00ebmb\u00eb dhe fillon t\u00eb ec\u00eb.<\/p>\n<p>Deri m\u00eb tani dihet se videoja \u00ebsht\u00eb realizuar n\u00eb Tver t\u00eb Rusis\u00eb, e cila \u00ebsht\u00eb publikuar n\u00eb Telegram.<\/p>\n<p>Punonj\u00ebsit e morgut nuk kan\u00eb dh\u00ebn\u00eb koment lidhur me k\u00ebt\u00eb \u00e7\u00ebshtje. Megjithat\u00eb, nga nj\u00eb morg tjet\u00ebr \u00ebsht\u00eb b\u00ebr\u00eb e ditur se ekziston mund\u00ebsia q\u00eb e gjith\u00eb kjo t\u00eb jet\u00eb nj\u00eb shaka.<\/p>\n<p>\u201cVideoja \u00ebsht\u00eb e rrejshme. Dhoma n\u00eb video q\u00eb pretendohet t\u00eb jet\u00eb nj\u00eb hap\u00ebsir\u00eb brenda morgut n\u00eb Tver \u2013 nuk duket t\u00eb jet\u00eb origjinale. N\u00eb Tver nuk ka morg t\u00eb ngjash\u00ebm me at\u00eb n\u00eb video\u201d, ka njoftuar ministria ruse e Sh\u00ebndet\u00ebsis\u00eb.<\/p>\n<p>https:\/\/www.youtube.com\/watch?v=hJpXSKlZAUs<\/p>\n","protected":false},"excerpt":{"rendered":"<p>N\u00eb rrjetet sociale n\u00eb Rusi jan\u00eb shfaqur pamjet e kamerave t\u00eb siguris\u00eb brenda nj\u00eb morgu, ku shihet se si trupi i nj\u00eb burri t\u00eb mbuluar me \u00e7ar\u00e7af \u201crikthehet n\u00eb jet\u00eb\u201d, ngritet n\u00eb k\u00ebmb\u00eb dhe fillon t\u00eb ec\u00eb. Deri m\u00eb tani dihet se videoja \u00ebsht\u00eb realizuar n\u00eb Tver t\u00eb Rusis\u00eb, e cila \u00ebsht\u00eb publikuar n\u00eb Telegram. [&hellip;]<\/p>\n","protected":false},"author":1,"featured_media":104200,"comment_status":"closed","ping_status":"closed","sticky":false,"template":"","format":"standard","meta":{"footnotes":""},"categories":[3],"tags":[],"class_list":{"0":"post-104199","1":"post","2":"type-post","3":"status-publish","4":"format-standard","5":"has-post-thumbnail","7":"category-shendetesi"},"_links":{"self":[{"href":"https:\/\/radiostargjilan.com\/web\/wp-json\/wp\/v2\/posts\/104199","targetHints":{"allow":["GET"]}}],"collection":[{"href":"https:\/\/radiostargjilan.com\/web\/wp-json\/wp\/v2\/posts"}],"about":[{"href":"https:\/\/radiostargjilan.com\/web\/wp-json\/wp\/v2\/types\/post"}],"author":[{"embeddable":true,"href":"https:\/\/radiostargjilan.com\/web\/wp-json\/wp\/v2\/users\/1"}],"replies":[{"embeddable":true,"href":"https:\/\/radiostargjilan.com\/web\/wp-json\/wp\/v2\/comments?post=104199"}],"version-history":[{"count":0,"href":"https:\/\/radiostargjilan.com\/web\/wp-json\/wp\/v2\/posts\/104199\/revisions"}],"wp:featuredmedia":[{"embeddable":true,"href":"https:\/\/radiostargjilan.com\/web\/wp-json\/wp\/v2\/media\/104200"}],"wp:attachment":[{"href":"https:\/\/radiostargjilan.com\/web\/wp-json\/wp\/v2\/media?parent=104199"}],"wp:term":[{"taxonomy":"category","embeddable":true,"href":"https:\/\/radiostargjilan.com\/web\/wp-json\/wp\/v2\/categories?post=104199"},{"taxonomy":"post_tag","embeddable":true,"href":"https:\/\/radiostargjilan.com\/web\/wp-json\/wp\/v2\/tags?post=104199"}],"curies":[{"name":"wp","href":"https:\/\/api.w.org\/{rel}","templated":true}]}}