{"id":104205,"date":"2022-01-25T10:10:13","date_gmt":"2022-01-25T09:10:13","guid":{"rendered":"https:\/\/radiostargjilan.com\/web\/?p=104205"},"modified":"2022-01-25T10:10:13","modified_gmt":"2022-01-25T09:10:13","slug":"caktohet-masa-e-paraburgimit-ndaj-te-pandehurve-a-h-dhe-l-h","status":"publish","type":"post","link":"https:\/\/radiostargjilan.com\/web\/caktohet-masa-e-paraburgimit-ndaj-te-pandehurve-a-h-dhe-l-h\/","title":{"rendered":"Caktohet masa e paraburgimit ndaj t\u00eb pandehurve A. H. dhe L. H."},"content":{"rendered":"<p>Gjykata Themelore n\u00eb Gjilan ka aprovuar k\u00ebrkes\u00ebn e Prokuroris\u00eb Themelore t\u00eb Gjilanit, duke i caktuar mas\u00ebn e paraburgimit prej 30 (tridhjet\u00eb) dit\u00eb t\u00eb pandehurve A. H. dhe L. H.<\/p>\n<p>Ekziston dyshimi i bazuar se t\u00eb pandehurit me dashje n\u00eb bashk\u00ebkryerje, kan\u00eb poseduar pa autorizim substanc\u00eb narkotike t\u00eb llojit \u201ckokain\u00eb\u201d, t\u00eb nj\u00ebjtit me marr\u00ebveshje paraprake n\u00eb mes veti substanc\u00ebn narkotike i\u2019a kan\u00eb shitur t\u00eb pandehurit F. S., i cili ishte fshehur n\u00eb nj\u00eb motel s\u00eb bashku me t\u00eb pandehurit e tjer\u00eb, t\u00eb cil\u00ebt gjenden n\u00eb arrati.<\/p>\n<p>Po ashtu, t\u00eb pandehurit A. H. (zyrtar policor) dhe L. H. me dashje n\u00eb bashk\u00ebkryerje n\u00eb kund\u00ebrshtim me ligjin p\u00ebr arm\u00ebt kan\u00eb shitur nj\u00eb arm\u00eb zjarri t\u00eb pandehurit F. S.<\/p>\n<p>Me k\u00ebto veprime, t\u00eb pandehurit dyshohet se n\u00eb bashk\u00ebkryerje kan\u00eb kryer vepr\u00ebn veprat penale blerja, posedimi, shp\u00ebrndarja dhe shitja e paautorizuar e narkotik\u00ebve, substancave psikotrope dhe analoge dhe vepr\u00ebn penale importi, eksporti furnizimi, transportimi, prodhimi, k\u00ebmbimi, nd\u00ebrmjet\u00ebsimi ose shitja e paautorizuar e arm\u00ebve apo materieve plas\u00ebse, vepra t\u00eb sanksionuara me Kodin Penal t\u00eb Republik\u00ebs s\u00eb Kosov\u00ebs (KPRK)<\/p>\n<p>Gjyqtari i procedur\u00ebs paraprake n\u00eb Departamentin e Krimeve t\u00eb R\u00ebnda, ka  vler\u00ebsuar se q\u00ebndrojn\u00eb arsyet ligjore p\u00ebr caktimin e paraburgimit ndaj t\u00eb pandehurve, duke i marr p\u00ebr baz\u00eb k\u00ebto q\u00eb u than\u00eb m\u00eb lart\u00eb, masat tjera alternative do t\u00eb ishin t\u00eb pamjaftueshme p\u00ebr zhvillimin me sukses t\u00eb procedur\u00ebs penale.<\/p>\n","protected":false},"excerpt":{"rendered":"<p>Gjykata Themelore n\u00eb Gjilan ka aprovuar k\u00ebrkes\u00ebn e Prokuroris\u00eb Themelore t\u00eb Gjilanit, duke i caktuar mas\u00ebn e paraburgimit prej 30 (tridhjet\u00eb) dit\u00eb t\u00eb pandehurve A. H. dhe L. H. Ekziston dyshimi i bazuar se t\u00eb pandehurit me dashje n\u00eb bashk\u00ebkryerje, kan\u00eb poseduar pa autorizim substanc\u00eb narkotike t\u00eb llojit \u201ckokain\u00eb\u201d, t\u00eb nj\u00ebjtit me marr\u00ebveshje paraprake n\u00eb [&hellip;]<\/p>\n","protected":false},"author":1,"featured_media":104206,"comment_status":"closed","ping_status":"closed","sticky":false,"template":"","format":"standard","meta":{"footnotes":""},"categories":[5],"tags":[],"class_list":{"0":"post-104205","1":"post","2":"type-post","3":"status-publish","4":"format-standard","5":"has-post-thumbnail","7":"category-lajme"},"_links":{"self":[{"href":"https:\/\/radiostargjilan.com\/web\/wp-json\/wp\/v2\/posts\/104205","targetHints":{"allow":["GET"]}}],"collection":[{"href":"https:\/\/radiostargjilan.com\/web\/wp-json\/wp\/v2\/posts"}],"about":[{"href":"https:\/\/radiostargjilan.com\/web\/wp-json\/wp\/v2\/types\/post"}],"author":[{"embeddable":true,"href":"https:\/\/radiostargjilan.com\/web\/wp-json\/wp\/v2\/users\/1"}],"replies":[{"embeddable":true,"href":"https:\/\/radiostargjilan.com\/web\/wp-json\/wp\/v2\/comments?post=104205"}],"version-history":[{"count":0,"href":"https:\/\/radiostargjilan.com\/web\/wp-json\/wp\/v2\/posts\/104205\/revisions"}],"wp:featuredmedia":[{"embeddable":true,"href":"https:\/\/radiostargjilan.com\/web\/wp-json\/wp\/v2\/media\/104206"}],"wp:attachment":[{"href":"https:\/\/radiostargjilan.com\/web\/wp-json\/wp\/v2\/media?parent=104205"}],"wp:term":[{"taxonomy":"category","embeddable":true,"href":"https:\/\/radiostargjilan.com\/web\/wp-json\/wp\/v2\/categories?post=104205"},{"taxonomy":"post_tag","embeddable":true,"href":"https:\/\/radiostargjilan.com\/web\/wp-json\/wp\/v2\/tags?post=104205"}],"curies":[{"name":"wp","href":"https:\/\/api.w.org\/{rel}","templated":true}]}}