{"id":105178,"date":"2022-02-02T15:07:05","date_gmt":"2022-02-02T14:07:05","guid":{"rendered":"https:\/\/radiostargjilan.com\/web\/?p=105178"},"modified":"2022-02-02T15:07:05","modified_gmt":"2022-02-02T14:07:05","slug":"prokuroria-kerkon-30-dite-paraburgim-per-dardan-molliqajn","status":"publish","type":"post","link":"https:\/\/radiostargjilan.com\/web\/prokuroria-kerkon-30-dite-paraburgim-per-dardan-molliqajn\/","title":{"rendered":"Prokuroria k\u00ebrkon 30 dit\u00eb paraburgim p\u00ebr Dardan Molliqajn"},"content":{"rendered":"<p>Prokuroria Themelore e Prishtin\u00ebs ka paraqitur k\u00ebrkes\u00eb n\u00eb gjykat\u00ebn kompetente p\u00ebr caktimin e mas\u00ebs s\u00eb paraburgimit ndaj kreut t\u00eb PSD-s\u00eb, Dardan Molliqaj dhe aktivistit t\u00eb k\u00ebsaj partie Adem Megjuani.<\/p>\n<p>Paraburgimi ndaj tyre po k\u00ebrkohet n\u00eb drejtim t\u00eb vepr\u00ebs penale \u201csulmi ndaj personit zyrtar\u201d.<\/p>\n<p>Lajmin e ka b\u00ebr\u00eb t\u00eb ditur p\u00ebr Express z\u00ebdh\u00ebn\u00ebsja e Prokuroris\u00eb Themelore t\u00eb Prishtin\u00ebs, Laureta Ulaj.<\/p>\n<p>\u201cRastit t\u00eb cilit i referoheni ju njoftojm\u00eb se Prokuroria Themelore n\u00eb Prishtin\u00eb ka paraqitur k\u00ebrkes\u00eb p\u00ebr caktimin e mas\u00ebs s\u00eb paraburgimit ndaj dy (2) t\u00eb ndaluarve, n\u00eb drejtim t\u00eb vepr\u00ebs penale \u201cSulmi ndaj personit zyrtar\u201d, sipas Kodit Penal t\u00eb Republik\u00ebs s\u00eb Kosov\u00ebs\u201d, ka konfirmuar Ulaj.<\/p>\n<p>Gjat\u00eb dit\u00ebs s\u00eb sotme, Partia Socialdemokrate ka k\u00ebrkuar q\u00eb t\u00eb lirohen menj\u00ebher\u00eb kryetari i partis\u00eb, Dardan Molliqaj dhe aktivisti Adem Megjuani, t\u00eb cil\u00ebt u arrestuan dje lidhur me protest\u00ebn e s\u00eb shtun\u00ebs q\u00eb u mbajt kund\u00ebr propozimit p\u00ebr shtrenjtim t\u00eb rrym\u00ebs.<\/p>\n<p>Sipas PSD-s\u00eb, Megjuani \u00ebsht\u00eb lajm\u00ebruar vet\u00eb dje n\u00eb polici nd\u00ebrsa Molliqaj u arrestua n\u00eb oborrin e televizionit T7, ku edhe ishte planifikuar q\u00eb t\u00eb jepte intervist\u00eb p\u00ebr emisionin \u201cPressing\u201d.<br \/>\nPas arrestimit, t\u00eb dy me vendim t\u00eb prokurorit jan\u00eb d\u00ebrguar n\u00eb mbajtje.<\/p>\n","protected":false},"excerpt":{"rendered":"<p>Prokuroria Themelore e Prishtin\u00ebs ka paraqitur k\u00ebrkes\u00eb n\u00eb gjykat\u00ebn kompetente p\u00ebr caktimin e mas\u00ebs s\u00eb paraburgimit ndaj kreut t\u00eb PSD-s\u00eb, Dardan Molliqaj dhe aktivistit t\u00eb k\u00ebsaj partie Adem Megjuani. Paraburgimi ndaj tyre po k\u00ebrkohet n\u00eb drejtim t\u00eb vepr\u00ebs penale \u201csulmi ndaj personit zyrtar\u201d. Lajmin e ka b\u00ebr\u00eb t\u00eb ditur p\u00ebr Express z\u00ebdh\u00ebn\u00ebsja e Prokuroris\u00eb Themelore [&hellip;]<\/p>\n","protected":false},"author":1,"featured_media":105131,"comment_status":"closed","ping_status":"closed","sticky":false,"template":"","format":"standard","meta":{"footnotes":""},"categories":[5],"tags":[],"class_list":{"0":"post-105178","1":"post","2":"type-post","3":"status-publish","4":"format-standard","5":"has-post-thumbnail","7":"category-lajme"},"_links":{"self":[{"href":"https:\/\/radiostargjilan.com\/web\/wp-json\/wp\/v2\/posts\/105178","targetHints":{"allow":["GET"]}}],"collection":[{"href":"https:\/\/radiostargjilan.com\/web\/wp-json\/wp\/v2\/posts"}],"about":[{"href":"https:\/\/radiostargjilan.com\/web\/wp-json\/wp\/v2\/types\/post"}],"author":[{"embeddable":true,"href":"https:\/\/radiostargjilan.com\/web\/wp-json\/wp\/v2\/users\/1"}],"replies":[{"embeddable":true,"href":"https:\/\/radiostargjilan.com\/web\/wp-json\/wp\/v2\/comments?post=105178"}],"version-history":[{"count":0,"href":"https:\/\/radiostargjilan.com\/web\/wp-json\/wp\/v2\/posts\/105178\/revisions"}],"wp:featuredmedia":[{"embeddable":true,"href":"https:\/\/radiostargjilan.com\/web\/wp-json\/wp\/v2\/media\/105131"}],"wp:attachment":[{"href":"https:\/\/radiostargjilan.com\/web\/wp-json\/wp\/v2\/media?parent=105178"}],"wp:term":[{"taxonomy":"category","embeddable":true,"href":"https:\/\/radiostargjilan.com\/web\/wp-json\/wp\/v2\/categories?post=105178"},{"taxonomy":"post_tag","embeddable":true,"href":"https:\/\/radiostargjilan.com\/web\/wp-json\/wp\/v2\/tags?post=105178"}],"curies":[{"name":"wp","href":"https:\/\/api.w.org\/{rel}","templated":true}]}}