{"id":105180,"date":"2022-02-02T16:15:55","date_gmt":"2022-02-02T15:15:55","guid":{"rendered":"https:\/\/radiostargjilan.com\/web\/?p=105180"},"modified":"2022-02-02T16:15:55","modified_gmt":"2022-02-02T15:15:55","slug":"gjilan-170-raste-te-reja-me-covid-19-regjistrohen-vetem-sot","status":"publish","type":"post","link":"https:\/\/radiostargjilan.com\/web\/gjilan-170-raste-te-reja-me-covid-19-regjistrohen-vetem-sot\/","title":{"rendered":"Gjilan: 170 raste t\u00eb reja me COVID-19 regjistrohen vet\u00ebm sot"},"content":{"rendered":"<p>170 raste t\u00eb infektuara me COVID-19 jan\u00eb regjistruar n\u00eb 24 or\u00ebt e fundit n\u00eb Gjilan, raporton Radio Star.<\/p>\n<p>Rezultatet zyrtare jan\u00eb b\u00ebr\u00eb publike n\u00eb or\u00ebn 15:00 nga Instituti Komb\u00ebtar i Sh\u00ebndetit Publik, ku n\u00eb gjith\u00eb Kosov\u00ebn, 2.590 persona kan\u00eb rezultuar pozitiv me Covid-19.<br \/>\n<a href=\"https:\/\/radiostargjilan.com\/web\/wp-content\/uploads\/2022\/02\/8B85D4BB-6099-4AE6-AC2B-70849C49BFED.jpeg\"><img loading=\"lazy\" loading=\"lazy\" decoding=\"async\" src=\"https:\/\/radiostargjilan.com\/web\/wp-content\/uploads\/2022\/02\/8B85D4BB-6099-4AE6-AC2B-70849C49BFED.jpeg\" alt=\"\" width=\"1284\" height=\"1488\" class=\"alignnone size-full wp-image-105181\" srcset=\"https:\/\/radiostargjilan.com\/web\/wp-content\/uploads\/2022\/02\/8B85D4BB-6099-4AE6-AC2B-70849C49BFED.jpeg 1284w, https:\/\/radiostargjilan.com\/web\/wp-content\/uploads\/2022\/02\/8B85D4BB-6099-4AE6-AC2B-70849C49BFED-259x300.jpeg 259w, https:\/\/radiostargjilan.com\/web\/wp-content\/uploads\/2022\/02\/8B85D4BB-6099-4AE6-AC2B-70849C49BFED-884x1024.jpeg 884w, https:\/\/radiostargjilan.com\/web\/wp-content\/uploads\/2022\/02\/8B85D4BB-6099-4AE6-AC2B-70849C49BFED-768x890.jpeg 768w\" sizes=\"auto, (max-width: 1284px) 100vw, 1284px\" \/><\/a><\/p>\n","protected":false},"excerpt":{"rendered":"<p>170 raste t\u00eb infektuara me COVID-19 jan\u00eb regjistruar n\u00eb 24 or\u00ebt e fundit n\u00eb Gjilan, raporton Radio Star. Rezultatet zyrtare jan\u00eb b\u00ebr\u00eb publike n\u00eb or\u00ebn 15:00 nga Instituti Komb\u00ebtar i Sh\u00ebndetit Publik, ku n\u00eb gjith\u00eb Kosov\u00ebn, 2.590 persona kan\u00eb rezultuar pozitiv me Covid-19.<\/p>\n","protected":false},"author":1,"featured_media":103633,"comment_status":"closed","ping_status":"closed","sticky":false,"template":"","format":"standard","meta":{"footnotes":""},"categories":[5],"tags":[],"class_list":{"0":"post-105180","1":"post","2":"type-post","3":"status-publish","4":"format-standard","5":"has-post-thumbnail","7":"category-lajme"},"_links":{"self":[{"href":"https:\/\/radiostargjilan.com\/web\/wp-json\/wp\/v2\/posts\/105180","targetHints":{"allow":["GET"]}}],"collection":[{"href":"https:\/\/radiostargjilan.com\/web\/wp-json\/wp\/v2\/posts"}],"about":[{"href":"https:\/\/radiostargjilan.com\/web\/wp-json\/wp\/v2\/types\/post"}],"author":[{"embeddable":true,"href":"https:\/\/radiostargjilan.com\/web\/wp-json\/wp\/v2\/users\/1"}],"replies":[{"embeddable":true,"href":"https:\/\/radiostargjilan.com\/web\/wp-json\/wp\/v2\/comments?post=105180"}],"version-history":[{"count":0,"href":"https:\/\/radiostargjilan.com\/web\/wp-json\/wp\/v2\/posts\/105180\/revisions"}],"wp:featuredmedia":[{"embeddable":true,"href":"https:\/\/radiostargjilan.com\/web\/wp-json\/wp\/v2\/media\/103633"}],"wp:attachment":[{"href":"https:\/\/radiostargjilan.com\/web\/wp-json\/wp\/v2\/media?parent=105180"}],"wp:term":[{"taxonomy":"category","embeddable":true,"href":"https:\/\/radiostargjilan.com\/web\/wp-json\/wp\/v2\/categories?post=105180"},{"taxonomy":"post_tag","embeddable":true,"href":"https:\/\/radiostargjilan.com\/web\/wp-json\/wp\/v2\/tags?post=105180"}],"curies":[{"name":"wp","href":"https:\/\/api.w.org\/{rel}","templated":true}]}}