{"id":105623,"date":"2022-02-07T21:40:15","date_gmt":"2022-02-07T20:40:15","guid":{"rendered":"https:\/\/radiostargjilan.com\/web\/?p=105623"},"modified":"2022-02-07T21:40:15","modified_gmt":"2022-02-07T20:40:15","slug":"zuckerberg-mund-te-mbylle-facebook-un-dhe-instagram-in-ne-evrope","status":"publish","type":"post","link":"https:\/\/radiostargjilan.com\/web\/zuckerberg-mund-te-mbylle-facebook-un-dhe-instagram-in-ne-evrope\/","title":{"rendered":"Zuckerberg mund t\u00eb mbyll\u00eb Facebook-un dhe Instagram-in n\u00eb Evrop\u00eb"},"content":{"rendered":"<p>Kompania \u201cMeta\u201d paralajm\u00ebron se Facebook dhe Instagram mund t\u00eb mbyllen n\u00eb t\u00eb gjith\u00eb Evrop\u00ebn.<\/p>\n<p>Ky paralajm\u00ebrim lidhet me rregullat evropiane t\u00eb t\u00eb dh\u00ebnave q\u00eb pengojn\u00eb Meta-n, kompanin\u00eb e njohur m\u00eb par\u00eb si Facebook, t\u00eb transferoj\u00eb, ruaj\u00eb dhe p\u00ebrpunoj\u00eb t\u00eb dh\u00ebnat e evropian\u00ebve n\u00eb server\u00ebt me baz\u00eb n\u00eb SHBA.<\/p>\n<p>N\u00eb raportin e tij vjetor drejtuar Komisionit t\u00eb Letrave me Vler\u00eb dhe Shk\u00ebmbimeve t\u00eb SHBA-s\u00eb, autoriteti financiar i vendit, \u201cMeta\u201d paralajm\u00ebroi t\u00eb enjten e kaluar se n\u00ebse nuk miratohet nj\u00eb kuad\u00ebr i ri dhe kompania nuk mund t\u00eb p\u00ebrdor\u00eb m\u00eb modelin aktual t\u00eb marr\u00ebveshjeve, me siguri do t\u00eb duhet t\u00eb largohet. N\u00eb raport, Meta pretendon se \u00ebsht\u00eb jetike p\u00ebr biznesin e saj q\u00eb t\u00eb p\u00ebrpunoj\u00eb t\u00eb dh\u00ebna si n\u00eb BE ashtu edhe n\u00eb SHBA p\u00ebr t\u00eb b\u00ebr\u00eb q\u00eb operacionet e saj dhe biznesi i sh\u00ebnjestrimit t\u00eb reklamave t\u00eb funksionojn\u00eb n\u00eb m\u00ebnyr\u00eb t\u00eb p\u00ebrsosur.<\/p>\n<p>\u201cN\u00ebse nuk jemi n\u00eb gjendje t\u00eb transferojm\u00eb t\u00eb dh\u00ebna mes vendeve dhe rajoneve n\u00eb t\u00eb cilat operojm\u00eb, ose n\u00ebse jemi t\u00eb kufizuar nga shk\u00ebmbimi i t\u00eb dh\u00ebnave midis produkteve dhe sh\u00ebrbimeve tona, kjo mund t\u00eb ndikoj\u00eb n\u00eb aft\u00ebsin\u00eb ton\u00eb p\u00ebr t\u00eb ofruar sh\u00ebrbimet tona, m\u00ebnyr\u00ebn n\u00eb t\u00eb cil\u00ebn ne ofrojm\u00eb sh\u00ebrbimet tona ose aft\u00ebsia jon\u00eb p\u00ebr t\u00eb synuar reklamat\u201d, \u2013 thuhet n\u00eb deklarat\u00eb.<\/p>\n<p>Meta shpreson t\u00eb gjej\u00eb nj\u00eb marr\u00ebveshje t\u00eb re n\u00eb vitin 2022, por n\u00ebse kjo nuk ndodh, kompania sheh nj\u00eb t\u00eb ardhme t\u00eb tmerrshme p\u00ebr rrjetet e saj sociale n\u00eb BE:<\/p>\n<p>\u201cN\u00ebse nj\u00eb korniz\u00eb e re e transferimit t\u00eb t\u00eb dh\u00ebnave transatlantike nuk miratohet dhe ne nuk jemi n\u00eb gjendje t\u00eb vazhdojm\u00eb t\u00eb mb\u00ebshtetemi n\u00eb SCC ose t\u00eb mb\u00ebshtetemi n\u00eb mjete t\u00eb tjera alternative t\u00eb transferimit t\u00eb t\u00eb dh\u00ebnave nga Evropa n\u00eb Shtetet e Bashkuara, ne nuk do t\u00eb jemi n\u00eb gjendje t\u00eb ofrojm\u00eb nj\u00eb num\u00ebr nga produktet dhe sh\u00ebrbimet tona m\u00eb t\u00eb r\u00ebnd\u00ebsishme, duke p\u00ebrfshir\u00eb Facebook dhe Instagram, n\u00eb Evrop\u00eb, t\u00eb cilat do t\u00eb ndikonin negativisht n\u00eb biznesin ton\u00eb, gjendjen financiare dhe rezultatet e operacioneve\u201d.<\/p>\n","protected":false},"excerpt":{"rendered":"<p>Kompania \u201cMeta\u201d paralajm\u00ebron se Facebook dhe Instagram mund t\u00eb mbyllen n\u00eb t\u00eb gjith\u00eb Evrop\u00ebn. Ky paralajm\u00ebrim lidhet me rregullat evropiane t\u00eb t\u00eb dh\u00ebnave q\u00eb pengojn\u00eb Meta-n, kompanin\u00eb e njohur m\u00eb par\u00eb si Facebook, t\u00eb transferoj\u00eb, ruaj\u00eb dhe p\u00ebrpunoj\u00eb t\u00eb dh\u00ebnat e evropian\u00ebve n\u00eb server\u00ebt me baz\u00eb n\u00eb SHBA. N\u00eb raportin e tij vjetor drejtuar Komisionit [&hellip;]<\/p>\n","protected":false},"author":1,"featured_media":105624,"comment_status":"closed","ping_status":"closed","sticky":false,"template":"","format":"standard","meta":{"footnotes":""},"categories":[8],"tags":[],"class_list":{"0":"post-105623","1":"post","2":"type-post","3":"status-publish","4":"format-standard","5":"has-post-thumbnail","7":"category-teknologji"},"_links":{"self":[{"href":"https:\/\/radiostargjilan.com\/web\/wp-json\/wp\/v2\/posts\/105623","targetHints":{"allow":["GET"]}}],"collection":[{"href":"https:\/\/radiostargjilan.com\/web\/wp-json\/wp\/v2\/posts"}],"about":[{"href":"https:\/\/radiostargjilan.com\/web\/wp-json\/wp\/v2\/types\/post"}],"author":[{"embeddable":true,"href":"https:\/\/radiostargjilan.com\/web\/wp-json\/wp\/v2\/users\/1"}],"replies":[{"embeddable":true,"href":"https:\/\/radiostargjilan.com\/web\/wp-json\/wp\/v2\/comments?post=105623"}],"version-history":[{"count":0,"href":"https:\/\/radiostargjilan.com\/web\/wp-json\/wp\/v2\/posts\/105623\/revisions"}],"wp:featuredmedia":[{"embeddable":true,"href":"https:\/\/radiostargjilan.com\/web\/wp-json\/wp\/v2\/media\/105624"}],"wp:attachment":[{"href":"https:\/\/radiostargjilan.com\/web\/wp-json\/wp\/v2\/media?parent=105623"}],"wp:term":[{"taxonomy":"category","embeddable":true,"href":"https:\/\/radiostargjilan.com\/web\/wp-json\/wp\/v2\/categories?post=105623"},{"taxonomy":"post_tag","embeddable":true,"href":"https:\/\/radiostargjilan.com\/web\/wp-json\/wp\/v2\/tags?post=105623"}],"curies":[{"name":"wp","href":"https:\/\/api.w.org\/{rel}","templated":true}]}}