{"id":106371,"date":"2022-02-16T20:09:28","date_gmt":"2022-02-16T19:09:28","guid":{"rendered":"https:\/\/radiostargjilan.com\/web\/?p=106371"},"modified":"2022-02-16T20:09:28","modified_gmt":"2022-02-16T19:09:28","slug":"liburn-aliu-nga-sot-nis-realizimi-i-premtimit-per-banim-te-perballueshem-per-qytetaret","status":"publish","type":"post","link":"https:\/\/radiostargjilan.com\/web\/liburn-aliu-nga-sot-nis-realizimi-i-premtimit-per-banim-te-perballueshem-per-qytetaret\/","title":{"rendered":"Liburn Aliu: Nga sot nis realizimi i premtimit p\u00ebr banim t\u00eb p\u00ebrballuesh\u00ebm p\u00ebr qytetar\u00ebt"},"content":{"rendered":"<p>Ministri i Mjedisit Planifikimit Hap\u00ebsinor dhe Infrastruktur\u00ebs, Liburn Aliu ka th\u00ebn\u00eb se nj\u00eb nga premtimet m\u00eb t\u00eb r\u00ebnd\u00ebsishme t\u00eb programit qeveris\u00ebs ka qen\u00eb banimi i p\u00ebrballuesh\u00ebm.<\/p>\n<p>Ky premtij, sipas tij, ka filluar sot t\u00eb realizohet.<\/p>\n<p>\u201cBashk\u00eb me drejtorin rajonal t\u00eb IFC-s\u00eb p\u00ebr Evrop\u00ebn Qendrore dhe Juglindore, z. Ary Na\u00efm, n\u00ebnshkruam  marr\u00ebveshjen e bashk\u00ebpunimit p\u00ebr studimin e fizibilitetit p\u00ebr projektin e banimit t\u00eb p\u00ebrballuesh\u00ebm\u201d, ka shkruar nd\u00ebr t\u00eb tjera Aliu n\u00eb Facebook.<\/p>\n<p>M\u00eb tutje, ai shkruan se q\u00ebllimi \u00ebsht\u00eb q\u00eb t\u00eb adresojn\u00eb nj\u00eb nga nevojat m\u00eb urgjente t\u00eb qytetar\u00ebve, q\u00eb \u00ebsht\u00eb banimi i p\u00ebrballuesh\u00ebm.<\/p>\n<p>Postimi i plot\u00eb i Liburn Aliut:<\/p>\n<p>Nj\u00eb nga premtimet e r\u00ebnd\u00ebsishme t\u00eb programit ton\u00eb qeveris\u00ebs ka qen\u00eb banimi i p\u00ebrballuesh\u00ebm.<\/p>\n<p>Ky premtim ka filluar sot t\u00eb realizohet. Bashk\u00eb me drejtorin rajonal t\u00eb IFC-s\u00eb p\u00ebr Evrop\u00ebn Qendrore dhe Juglindore, z. Ary Na\u00efm, n\u00ebnshkruam  marr\u00ebveshjen e bashk\u00ebpunimit p\u00ebr studimin e fizibilitetit p\u00ebr projektin e banimit t\u00eb p\u00ebrballuesh\u00ebm.<\/p>\n<p>Q\u00ebllimi yn\u00eb \u00ebsht\u00eb q\u00eb t\u00eb adresojm\u00eb nj\u00eb nga nevojat m\u00eb urgjente t\u00eb qytetar\u00ebve tan\u00eb, q\u00eb \u00ebsht\u00eb banimi i p\u00ebrballuesh\u00ebm.<\/p>\n<p>Pasja e banesave cil\u00ebsore me \u00e7mime t\u00eb p\u00ebrballueshme jo vet\u00ebm q\u00eb do t\u00eb p\u00ebrmir\u00ebsoj\u00eb cil\u00ebsin\u00eb e jet\u00ebs s\u00eb tyre, por gjithashtu do t\u00eb ndihmoj\u00eb n\u00eb nxitjen e zhvillimit ekonomik dhe rritjes s\u00eb q\u00ebndrueshme n\u00eb Republik\u00ebn e Kosov\u00ebs.<\/p>\n<p>Studimi i fizibilitetit \u00ebsht\u00eb hapi i par\u00eb i pun\u00ebs p\u00ebr rritjen e mund\u00ebsive p\u00ebr banim t\u00eb p\u00ebrballuesh\u00ebm p\u00ebr nd\u00ebrtimin e 4,000 nj\u00ebsive banimi moderne me \u00e7mime t\u00eb p\u00ebrballueshme, t\u00eb nd\u00ebrtuara n\u00eb m\u00ebnyr\u00eb t\u00eb q\u00ebndrueshme, duke kontribuar k\u00ebshtu n\u00eb p\u00ebrmir\u00ebsimin e jet\u00ebs s\u00eb qytetar\u00ebve tan\u00eb.<\/p>\n","protected":false},"excerpt":{"rendered":"<p>Ministri i Mjedisit Planifikimit Hap\u00ebsinor dhe Infrastruktur\u00ebs, Liburn Aliu ka th\u00ebn\u00eb se nj\u00eb nga premtimet m\u00eb t\u00eb r\u00ebnd\u00ebsishme t\u00eb programit qeveris\u00ebs ka qen\u00eb banimi i p\u00ebrballuesh\u00ebm. Ky premtij, sipas tij, ka filluar sot t\u00eb realizohet. \u201cBashk\u00eb me drejtorin rajonal t\u00eb IFC-s\u00eb p\u00ebr Evrop\u00ebn Qendrore dhe Juglindore, z. Ary Na\u00efm, n\u00ebnshkruam marr\u00ebveshjen e bashk\u00ebpunimit p\u00ebr studimin [&hellip;]<\/p>\n","protected":false},"author":1,"featured_media":106372,"comment_status":"closed","ping_status":"closed","sticky":false,"template":"","format":"standard","meta":{"footnotes":""},"categories":[5],"tags":[],"class_list":{"0":"post-106371","1":"post","2":"type-post","3":"status-publish","4":"format-standard","5":"has-post-thumbnail","7":"category-lajme"},"_links":{"self":[{"href":"https:\/\/radiostargjilan.com\/web\/wp-json\/wp\/v2\/posts\/106371","targetHints":{"allow":["GET"]}}],"collection":[{"href":"https:\/\/radiostargjilan.com\/web\/wp-json\/wp\/v2\/posts"}],"about":[{"href":"https:\/\/radiostargjilan.com\/web\/wp-json\/wp\/v2\/types\/post"}],"author":[{"embeddable":true,"href":"https:\/\/radiostargjilan.com\/web\/wp-json\/wp\/v2\/users\/1"}],"replies":[{"embeddable":true,"href":"https:\/\/radiostargjilan.com\/web\/wp-json\/wp\/v2\/comments?post=106371"}],"version-history":[{"count":0,"href":"https:\/\/radiostargjilan.com\/web\/wp-json\/wp\/v2\/posts\/106371\/revisions"}],"wp:featuredmedia":[{"embeddable":true,"href":"https:\/\/radiostargjilan.com\/web\/wp-json\/wp\/v2\/media\/106372"}],"wp:attachment":[{"href":"https:\/\/radiostargjilan.com\/web\/wp-json\/wp\/v2\/media?parent=106371"}],"wp:term":[{"taxonomy":"category","embeddable":true,"href":"https:\/\/radiostargjilan.com\/web\/wp-json\/wp\/v2\/categories?post=106371"},{"taxonomy":"post_tag","embeddable":true,"href":"https:\/\/radiostargjilan.com\/web\/wp-json\/wp\/v2\/tags?post=106371"}],"curies":[{"name":"wp","href":"https:\/\/api.w.org\/{rel}","templated":true}]}}