{"id":106668,"date":"2022-02-21T14:53:19","date_gmt":"2022-02-21T13:53:19","guid":{"rendered":"https:\/\/radiostargjilan.com\/web\/?p=106668"},"modified":"2022-02-21T14:54:26","modified_gmt":"2022-02-21T13:54:26","slug":"avni-rudaku-komuna-ne-restorant","status":"publish","type":"post","link":"https:\/\/radiostargjilan.com\/web\/avni-rudaku-komuna-ne-restorant\/","title":{"rendered":"Avni Rudaku: KOMUNA N\u00cb RESTORANT"},"content":{"rendered":"<p>Shkruan Avni Rudaku<\/p>\n<p>E pash\u00eb nj\u00eb foto t\u00eb publikuar n\u00eb mediet lokale, t\u00eb takimit t\u00eb Kryetarit t\u00eb Komun\u00ebs s\u00eb Gjilanit me drejtor\u00eb t\u00eb drejtorive komunale n\u00eb restorant.<\/p>\n<p> Ia sugjeroj fort Kryetarit t\u00eb Komun\u00ebs, q\u00eb t\u00eb shfryt\u00ebzohen hap\u00ebsirat e komun\u00ebs p\u00ebr takime. Ta nd\u00ebrpres\u00eb praktik\u00ebn e deritashme, qoft\u00eb n\u00eb fillim nga nd\u00ebrkomb\u00ebtar\u00ebt e UNMIK-u, pasi e donin e jetonin n\u00eb luks, qoft\u00eb nga vazhdimi i saj nga politikan\u00ebt lokal\u00eb n\u00eb nivel qendror e komunal\u00eb. Edhe ve\u00e7 me uj\u00eb t\u00eb thjesht\u00eb natyral po t\u00eb kalojn\u00eb k\u00ebto mbledhje, \u00ebsht\u00eb \u00e7\u00ebshtje e praktik\u00ebs s\u00eb keqe dhe duhet ndalur, me p\u00ebrjashtim t\u00eb ndonj\u00eb takimi t\u00eb domosdosh\u00ebm jasht\u00eb hap\u00ebsirave t\u00eb komun\u00ebs.<\/p>\n","protected":false},"excerpt":{"rendered":"<p>Shkruan Avni Rudaku E pash\u00eb nj\u00eb foto t\u00eb publikuar n\u00eb mediet lokale, t\u00eb takimit t\u00eb Kryetarit t\u00eb Komun\u00ebs s\u00eb Gjilanit me drejtor\u00eb t\u00eb drejtorive komunale n\u00eb restorant. Ia sugjeroj fort Kryetarit t\u00eb Komun\u00ebs, q\u00eb t\u00eb shfryt\u00ebzohen hap\u00ebsirat e komun\u00ebs p\u00ebr takime. Ta nd\u00ebrpres\u00eb praktik\u00ebn e deritashme, qoft\u00eb n\u00eb fillim nga nd\u00ebrkomb\u00ebtar\u00ebt e UNMIK-u, pasi e [&hellip;]<\/p>\n","protected":false},"author":1,"featured_media":106669,"comment_status":"closed","ping_status":"closed","sticky":false,"template":"","format":"standard","meta":{"footnotes":""},"categories":[6],"tags":[],"class_list":{"0":"post-106668","1":"post","2":"type-post","3":"status-publish","4":"format-standard","5":"has-post-thumbnail","7":"category-opinion"},"_links":{"self":[{"href":"https:\/\/radiostargjilan.com\/web\/wp-json\/wp\/v2\/posts\/106668","targetHints":{"allow":["GET"]}}],"collection":[{"href":"https:\/\/radiostargjilan.com\/web\/wp-json\/wp\/v2\/posts"}],"about":[{"href":"https:\/\/radiostargjilan.com\/web\/wp-json\/wp\/v2\/types\/post"}],"author":[{"embeddable":true,"href":"https:\/\/radiostargjilan.com\/web\/wp-json\/wp\/v2\/users\/1"}],"replies":[{"embeddable":true,"href":"https:\/\/radiostargjilan.com\/web\/wp-json\/wp\/v2\/comments?post=106668"}],"version-history":[{"count":0,"href":"https:\/\/radiostargjilan.com\/web\/wp-json\/wp\/v2\/posts\/106668\/revisions"}],"wp:featuredmedia":[{"embeddable":true,"href":"https:\/\/radiostargjilan.com\/web\/wp-json\/wp\/v2\/media\/106669"}],"wp:attachment":[{"href":"https:\/\/radiostargjilan.com\/web\/wp-json\/wp\/v2\/media?parent=106668"}],"wp:term":[{"taxonomy":"category","embeddable":true,"href":"https:\/\/radiostargjilan.com\/web\/wp-json\/wp\/v2\/categories?post=106668"},{"taxonomy":"post_tag","embeddable":true,"href":"https:\/\/radiostargjilan.com\/web\/wp-json\/wp\/v2\/tags?post=106668"}],"curies":[{"name":"wp","href":"https:\/\/api.w.org\/{rel}","templated":true}]}}