{"id":108397,"date":"2022-03-11T14:56:12","date_gmt":"2022-03-11T13:56:12","guid":{"rendered":"https:\/\/radiostargjilan.com\/web\/?p=108397"},"modified":"2022-03-11T14:56:12","modified_gmt":"2022-03-11T13:56:12","slug":"u-perkujtua-jeta-dhe-vepra-e-atdhetarit-e-humanistit-shaqir-shabani","status":"publish","type":"post","link":"https:\/\/radiostargjilan.com\/web\/u-perkujtua-jeta-dhe-vepra-e-atdhetarit-e-humanistit-shaqir-shabani\/","title":{"rendered":"U p\u00ebrkujtua jeta dhe vepra e atdhetarit e humanistit Shaqir Shabani"},"content":{"rendered":"<p>Udh\u00ebheq\u00ebsit komunal, kan\u00eb pritur sot n\u00eb nj\u00eb takim Prefektin e Qarkut t\u00eb Kuk\u00ebsit Zenel Ku\u00e7ana, me bashk\u00ebpuntor, me q\u00eb rast u prit\u00ebn nga kryetari i komun\u00ebs Sokol Haliti, kryesuesi i Kuvendit Komunal Bekim Azizi dhe k\u00ebshilli i drejtor\u00ebve. M\u00eb k\u00ebt\u00eb rast, kryetari Haliti ka njoftuar z.Ku\u00e7ana p\u00ebr aktivitetet komunale, njiherit ka shprehur fal\u00ebnderim n\u00eb em\u00ebr t\u00eb qytetar\u00ebve t\u00eb komun\u00ebs s\u00eb Vitis\u00eb, p\u00ebr gjith\u00eb kontributin q\u00eb ka dh\u00ebn\u00eb Prefektura e Qarkut t\u00eb Kuk\u00ebsit dhe qytetar\u00ebt e k\u00ebsaj zone, p\u00ebr popullat\u00ebn n\u00eb periudha t\u00eb ndryshme. N\u00eb k\u00ebt\u00eb takim, u p\u00ebrkujtuan edhe ngjarjet e 11 marsit t\u00eb vitit 1981, si rezistenca e fuqishme e asaj kohe nga popullata kosovare, kund\u00ebr regjimit t\u00eb at\u00ebhersh\u00ebm jugosllav. M\u00eb pas, vizita vazhdoi me pjes\u00ebmarrjen n\u00eb akademin\u00eb p\u00ebrkujtimore n\u00eb 1 vjetorin e vdekjes s\u00eb veprimtarit dhe humanistit t\u00eb shquar vitias, Shaqir Shabani, ku t\u00eb pranish\u00ebm n\u00eb k\u00ebt\u00eb akademi, ishin mysafir\u00eb t\u00eb shumt\u00eb nga Kosova, Shqip\u00ebria dhe diaspora. Fillimisht u lexua nj\u00eb biografi mbi jet\u00ebn dhe vepr\u00ebn e humanistit dhe veprimtarit, Shaqir Shabani dhe u mbajt nj\u00eb minut\u00eb heshtje p\u00ebr nder t\u00eb tij. Me k\u00ebt\u00eb rast kryetari i komun\u00ebs s\u00eb Vitis\u00eb, Sokol Haliti ka mbajtur nj\u00eb fjal\u00eb rasti ku nd\u00ebr tjerash tha se sot t\u00eb p\u00ebrkujtojn\u00eb nj\u00eb veprimtar, nj\u00eb humanist, nj\u00eb bashk\u00ebpun\u00ebtor, e nj\u00eb njeri t\u00eb urt\u00eb e t\u00eb mir\u00eb,  i cili nj\u00eb vit m\u00eb par\u00eb iku nga kjo bot\u00eb, p\u00ebr t\u00eb kaluar n\u00eb amshim. \u201cPo p\u00ebrkujtojm\u00eb, Shaqir Shabanin, t\u00eb cilin e th\u00ebrrisnim   baca Shaq\u00eb, q\u00eb gjith\u00eb jet\u00ebn e tij,  i kontribuoi liris\u00eb dhe demokracis\u00eb e Kosov\u00ebs, e q\u00eb veprimtaria e tij jet\u00ebsore, e b\u00ebn\u00eb t\u00eb pavdeksh\u00ebm at\u00eb.  Shaqir Shabani, p\u00ebrmes mb\u00ebshtetjes q\u00eb u ka dh\u00ebn\u00eb m\u00ebrgimtar\u00ebve , t\u00eb cil\u00ebt si pasoj\u00eb e dhun\u00ebs s\u00eb okupatorit serb kishin ikur n\u00eb Franc\u00eb, pastaj p\u00ebr lobimin e \u00e7\u00ebshtjes s\u00eb Kosov\u00ebs n\u00eb institucione dhe mekanizma t\u00eb ndrysh\u00ebm n\u00eb Franc\u00eb e Zvic\u00ebr, si dhe aktivitete t\u00eb tjera,  ka l\u00ebn\u00eb gjurm\u00eb t\u00eb pa shlyera n\u00eb p\u00ebrpjekjet gjith\u00eb popullore p\u00ebr liri e pavar\u00ebsi. Baca Shaq\u00eb, si p\u00ebrndjekur politik nga viti 1985 jetoi n\u00eb Franc\u00eb, ku kontribuoi n\u00eb themelimin e Shoqat\u00ebs kulturore \u201cRugova\u201d, si dhe n\u00eb themelimin e shkollave p\u00ebr m\u00ebsim n\u00eb gjuh\u00ebn shqipe n\u00eb shum\u00eb qytete t\u00eb Franc\u00ebs. Ai pos aktiviteteve tjera n\u00eb mb\u00ebshtetje t\u00eb mij\u00ebra m\u00ebrgimtar\u00ebve p\u00ebr sistemim n\u00eb Franc\u00eb, si dhe inicimin e shum\u00eb aksioneve humanitare ndihm\u00eb vendlindjes, ka  qen\u00eb ura lidh\u00ebse mes institucioneve t\u00eb Kosov\u00ebs si para, ashtu edhe pas luft\u00ebs me institucionet franceze dhe zvicerane\u201d, tha kryetari Haliti. Me k\u00ebt\u00eb rast, n\u00eb em\u00ebr t\u00eb institucioneve komunale, i\u2019u nda nj\u00eb mir\u00ebnjohje post mortum p\u00ebr kontribut t\u00eb  Shaqir Shabanit t\u00eb cil\u00ebn e pranoj v\u00ebllai i tij Tahir Shabani, me q\u00eb rast fal\u00ebnderoj t\u00eb gjith\u00eb q\u00eb kan\u00eb marr\u00eb pjes\u00eb n\u00eb k\u00ebt\u00eb akademi n\u00eb ve\u00e7anti kryetarin Haliti p\u00ebr k\u00ebt\u00eb mir\u00ebnjohje. Nj\u00eb fjalim rasti e ka mbajtur edhe Prefekti i Qarkut t\u00eb Kuk\u00ebsit, Zenel Ku\u00e7ana i cili e vler\u00ebsoj lart\u00eb kontributin e t\u00eb ndjerit p\u00ebr atdheun. \u201c Kosova historikisht ka nxjerr\u00eb trima, por ka nxjerr\u00eb trima t\u00eb pushk\u00ebs, mendjes, t\u00eb pen\u00ebs dhe t\u00eb veprimtaris\u00eb dhe nj\u00eb nd\u00ebr ta \u00ebsht\u00eb edhe Shaqir Shabani. Gjith\u00eb jeta dhe aktiviteti i tij ishte n\u00eb interes t\u00eb \u00e7lirimit t\u00eb Kosov\u00ebs\u201d, \u201d u shpreh Ku\u00e7ana. Ai shtoj se k\u00ebt\u00eb e tregon vet\u00eb l\u00ebvizjet t\u00eb veprimtarit Shaqir Shabani n\u00eb Shqip\u00ebri, Zvic\u00ebr dhe n\u00eb Franc\u00eb. Kurse ish kryetari Gjilanit, Lutfi Haziri, n\u00eb fjal\u00ebn e tij tha se Shaqir Shabani, \u00ebsht\u00eb njeriu q\u00eb i dha dimension politik vler\u00ebs s\u00eb veprimtarit dhe fytyr\u00ebs s\u00eb v\u00ebrtet\u00eb t\u00eb m\u00ebrgimtarit n\u00eb dit\u00ebt m\u00eb t\u00eb v\u00ebshtira t\u00eb kombit dhe t\u00eb republik\u00ebs son\u00eb. Ai e cil\u00ebsoi at\u00eb si simbol i p\u00ebrpjekjeve t\u00eb tij jo vet\u00ebm n\u00eb Kosov\u00eb, por kudo q\u00eb ka vepruar dhe ku ka punuar duke l\u00ebn\u00eb gjurm\u00eb. P\u00ebrndryshe Shaqir Shabani ka nd\u00ebrruar jet\u00eb me 10 mars 2021.<\/p>\n","protected":false},"excerpt":{"rendered":"<p>Udh\u00ebheq\u00ebsit komunal, kan\u00eb pritur sot n\u00eb nj\u00eb takim Prefektin e Qarkut t\u00eb Kuk\u00ebsit Zenel Ku\u00e7ana, me bashk\u00ebpuntor, me q\u00eb rast u prit\u00ebn nga kryetari i komun\u00ebs Sokol Haliti, kryesuesi i Kuvendit Komunal Bekim Azizi dhe k\u00ebshilli i drejtor\u00ebve. M\u00eb k\u00ebt\u00eb rast, kryetari Haliti ka njoftuar z.Ku\u00e7ana p\u00ebr aktivitetet komunale, njiherit ka shprehur fal\u00ebnderim n\u00eb em\u00ebr [&hellip;]<\/p>\n","protected":false},"author":1,"featured_media":108399,"comment_status":"closed","ping_status":"closed","sticky":false,"template":"","format":"standard","meta":{"footnotes":""},"categories":[5],"tags":[],"class_list":{"0":"post-108397","1":"post","2":"type-post","3":"status-publish","4":"format-standard","5":"has-post-thumbnail","7":"category-lajme"},"_links":{"self":[{"href":"https:\/\/radiostargjilan.com\/web\/wp-json\/wp\/v2\/posts\/108397","targetHints":{"allow":["GET"]}}],"collection":[{"href":"https:\/\/radiostargjilan.com\/web\/wp-json\/wp\/v2\/posts"}],"about":[{"href":"https:\/\/radiostargjilan.com\/web\/wp-json\/wp\/v2\/types\/post"}],"author":[{"embeddable":true,"href":"https:\/\/radiostargjilan.com\/web\/wp-json\/wp\/v2\/users\/1"}],"replies":[{"embeddable":true,"href":"https:\/\/radiostargjilan.com\/web\/wp-json\/wp\/v2\/comments?post=108397"}],"version-history":[{"count":0,"href":"https:\/\/radiostargjilan.com\/web\/wp-json\/wp\/v2\/posts\/108397\/revisions"}],"wp:featuredmedia":[{"embeddable":true,"href":"https:\/\/radiostargjilan.com\/web\/wp-json\/wp\/v2\/media\/108399"}],"wp:attachment":[{"href":"https:\/\/radiostargjilan.com\/web\/wp-json\/wp\/v2\/media?parent=108397"}],"wp:term":[{"taxonomy":"category","embeddable":true,"href":"https:\/\/radiostargjilan.com\/web\/wp-json\/wp\/v2\/categories?post=108397"},{"taxonomy":"post_tag","embeddable":true,"href":"https:\/\/radiostargjilan.com\/web\/wp-json\/wp\/v2\/tags?post=108397"}],"curies":[{"name":"wp","href":"https:\/\/api.w.org\/{rel}","templated":true}]}}