{"id":10870,"date":"2018-02-07T13:05:50","date_gmt":"2018-02-07T13:05:50","guid":{"rendered":"http:\/\/radiostargjilan.com\/web\/?p=10870"},"modified":"2018-02-07T13:05:50","modified_gmt":"2018-02-07T13:05:50","slug":"ia-zene-rrugen-dhe-e-rrahin","status":"publish","type":"post","link":"https:\/\/radiostargjilan.com\/web\/ia-zene-rrugen-dhe-e-rrahin\/","title":{"rendered":"Ia z\u00ebn\u00eb rrug\u00ebn dhe e rrahin"},"content":{"rendered":"<p>Ismet Hashani, z\u00ebdh\u00ebn\u00ebs i Policis\u00eb s\u00eb Kosov\u00ebs (PK), n\u00eb Drejtorin\u00eb Rajonale n\u00eb Gjilan ka b\u00ebr\u00eb me dije p\u00ebr nj\u00eb rast t\u00eb raportuar \u201cl\u00ebndim i leht\u00eb trupor\u201d, q\u00eb \u00ebsht\u00eb regjistruar n\u00eb T\u00ebrpez\u00eb t\u00eb Vitis\u00eb, ku dy persona rrahin nj\u00eb tjet\u00ebr. Dy t\u00eb dyshuarit jan\u00eb arrestuar dhe po mbahen n\u00eb paraburgim.<br \/>\nSipas z\u00ebdh\u00ebn\u00ebsit Hashani , Policia e Kosov\u00ebs n\u00eb stacionin Policor n\u00eb Viti ka pranuar nj\u00eb informat\u00eb se n\u00eb fshatin T\u00ebrpez\u00eb, t\u00eb k\u00ebsaj komune ka ndodhur nj\u00eb rrahje mes disa personave, ku t\u00eb involvuar kan\u00eb qen\u00eb si t\u00eb dyshuar dy persona. \u201cDyshohet se viktim\u00ebs po ashtu shqiptar shtetas i Kosov\u00ebs ja kan\u00eb z\u00ebn\u00eb rrug\u00ebn me nj\u00eb vetur\u00eb \u201cOpel Vektra\u201d, me q\u00ebllim q\u00eb viktim\u00ebn ta detyrojn\u00eb t\u00eb ndalet, pasi q\u00eb ishte duke drejtuar traktorin e tij, ku me k\u00ebt\u00eb rast e kan\u00eb goditur me mjete t\u00eb forta, gjersa kan\u00eb shkaktuar edhe d\u00ebme materiale n\u00eb traktor, ku ju kan\u00eb thyer disa xhama t\u00eb kabin\u00ebs\u201d, ka th\u00ebn\u00eb Hashani.<\/p>\n<p>Sipas tij ,viktim\u00ebs i kan\u00eb shkaktuar l\u00ebndime trupore ku ka k\u00ebrkuar edhe tretman mjek\u00ebsor.<\/p>\n<p>Lidhur me rastin \u00ebsht\u00eb njoftuar prokurori i shtetit, i cili ka urdh\u00ebruar q\u00eb ndaj dy t\u00eb dyshuarve t\u00eb caktohet masa e ndalimit p\u00ebr 48 or\u00eb dhe rasti t\u00eb procedohet n\u00eb prokurori .<\/p>\n","protected":false},"excerpt":{"rendered":"<p>Ismet Hashani, z\u00ebdh\u00ebn\u00ebs i Policis\u00eb s\u00eb Kosov\u00ebs (PK), n\u00eb Drejtorin\u00eb Rajonale n\u00eb Gjilan ka b\u00ebr\u00eb me dije p\u00ebr nj\u00eb rast t\u00eb raportuar \u201cl\u00ebndim i leht\u00eb trupor\u201d, q\u00eb \u00ebsht\u00eb regjistruar n\u00eb T\u00ebrpez\u00eb t\u00eb Vitis\u00eb, ku dy persona rrahin nj\u00eb tjet\u00ebr. Dy t\u00eb dyshuarit jan\u00eb arrestuar dhe po mbahen n\u00eb paraburgim. Sipas z\u00ebdh\u00ebn\u00ebsit Hashani , Policia e [&hellip;]<\/p>\n","protected":false},"author":1,"featured_media":10871,"comment_status":"closed","ping_status":"closed","sticky":false,"template":"","format":"standard","meta":{"footnotes":""},"categories":[5],"tags":[],"class_list":{"0":"post-10870","1":"post","2":"type-post","3":"status-publish","4":"format-standard","5":"has-post-thumbnail","7":"category-lajme"},"_links":{"self":[{"href":"https:\/\/radiostargjilan.com\/web\/wp-json\/wp\/v2\/posts\/10870","targetHints":{"allow":["GET"]}}],"collection":[{"href":"https:\/\/radiostargjilan.com\/web\/wp-json\/wp\/v2\/posts"}],"about":[{"href":"https:\/\/radiostargjilan.com\/web\/wp-json\/wp\/v2\/types\/post"}],"author":[{"embeddable":true,"href":"https:\/\/radiostargjilan.com\/web\/wp-json\/wp\/v2\/users\/1"}],"replies":[{"embeddable":true,"href":"https:\/\/radiostargjilan.com\/web\/wp-json\/wp\/v2\/comments?post=10870"}],"version-history":[{"count":0,"href":"https:\/\/radiostargjilan.com\/web\/wp-json\/wp\/v2\/posts\/10870\/revisions"}],"wp:featuredmedia":[{"embeddable":true,"href":"https:\/\/radiostargjilan.com\/web\/wp-json\/wp\/v2\/media\/10871"}],"wp:attachment":[{"href":"https:\/\/radiostargjilan.com\/web\/wp-json\/wp\/v2\/media?parent=10870"}],"wp:term":[{"taxonomy":"category","embeddable":true,"href":"https:\/\/radiostargjilan.com\/web\/wp-json\/wp\/v2\/categories?post=10870"},{"taxonomy":"post_tag","embeddable":true,"href":"https:\/\/radiostargjilan.com\/web\/wp-json\/wp\/v2\/tags?post=10870"}],"curies":[{"name":"wp","href":"https:\/\/api.w.org\/{rel}","templated":true}]}}