{"id":108902,"date":"2022-03-16T22:07:22","date_gmt":"2022-03-16T21:07:22","guid":{"rendered":"https:\/\/radiostargjilan.com\/web\/?p=108902"},"modified":"2022-03-16T22:07:22","modified_gmt":"2022-03-16T21:07:22","slug":"ibrahimi-e-isufi-debutojne-ne-ekipen-e-pare","status":"publish","type":"post","link":"https:\/\/radiostargjilan.com\/web\/ibrahimi-e-isufi-debutojne-ne-ekipen-e-pare\/","title":{"rendered":"Ibrahimi e Isufi debutojn\u00eb n\u00eb ekip\u00ebn e par\u00eb"},"content":{"rendered":"<p>Dy talent\u00ebt e FC Drit\u00ebs, mbrojt\u00ebsi i majt\u00eb, Yll Ibrahimi e mesfushori Dientit Isufi, gjat\u00eb do ta mbajn\u00eb n\u00eb mend qerekfinalen e Kup\u00ebs s\u00eb Kosov\u00ebs me Ulpian\u00ebn, pasiq\u00eb n\u00eb k\u00ebt\u00eb ndeshje k\u00ebta dy talent<br \/>\nt\u00eb futbollit kan\u00eb marr\u00eb besimin e trajnerit t\u00eb tyre, Ardian Nuhiut, t\u00eb zhvillojn\u00eb ndeshjen n\u00eb 20 minutat e fundit t\u00eb ndeshj\u00ebs. <\/p>\n<p>FC Drita me k\u00ebta dy talent ka n\u00ebnshkruar kontrat\u00eb profesionale n\u00eb fillim t\u00eb stinorit pranveror, duke shpresuar se shum\u00eb shpejt k\u00ebta dy talent do t\u00eb d\u00ebshmohen me kualitetin e tyre n\u00eb ndeshjet e ardheshme. <\/p>\n<p>Ibrahimi e Isufi njiherit ishin edhe futbollist t\u00eb P\u00ebrfaq\u00ebsues\u00ebs s\u00eb Kosov\u00ebs U-19. <\/p>\n<p>Yll Ibrahimi e Dionit Isufi, p\u00ebr paraqitjen e tyre zyrtare tek \u201cbardhekalt\u00ebrtit\u201d ishte mjaft emocionuese.<\/p>\n<p>\u201cE falenderoj trajnerin p\u00ebr besimin e dh\u00ebn\u00eb, poashtu edhe bashk\u00eblojtar\u00ebt t\u00eb cil\u00ebt na frymzuan duke  na p\u00ebrkrahur gjat\u00eb t\u00ebr\u00eb minutave t\u00eb cil\u00ebt ishim n\u00eb fush\u00eb. Jemi t\u00eb gatsh\u00ebm q\u00eb t\u00eb japim m\u00eb t\u00eb mir\u00ebnq\u00eb dim dhe mundemi p\u00ebr t\u00eb mir\u00ebn e klubit.Urojm\u00eb q\u00eb me paraqitjet tona n\u00eb t\u00eb ardhm\u00ebn ti g\u00ebzojm\u00eb tifoz\u00ebt tan\u00eb \u2018Intelektual\u00ebt\u2019 \u201c. <\/p>\n<p>Nuk ka dyshim se FC Drita n\u00eb mesin e tyre ka dy futbollist t\u00eb talentuar dhe cil\u00ebsor\u00eb, t\u00eb cil\u00ebt n\u00eb t\u00eb ardhmen pritet q\u00eb k\u00ebta dy futbollist t\u00eb shp\u00ebrthejn\u00eb n\u00eb klubin e tyre e n\u00eb futbollin Kosovar.<\/p>\n","protected":false},"excerpt":{"rendered":"<p>Dy talent\u00ebt e FC Drit\u00ebs, mbrojt\u00ebsi i majt\u00eb, Yll Ibrahimi e mesfushori Dientit Isufi, gjat\u00eb do ta mbajn\u00eb n\u00eb mend qerekfinalen e Kup\u00ebs s\u00eb Kosov\u00ebs me Ulpian\u00ebn, pasiq\u00eb n\u00eb k\u00ebt\u00eb ndeshje k\u00ebta dy talent t\u00eb futbollit kan\u00eb marr\u00eb besimin e trajnerit t\u00eb tyre, Ardian Nuhiut, t\u00eb zhvillojn\u00eb ndeshjen n\u00eb 20 minutat e fundit t\u00eb ndeshj\u00ebs. [&hellip;]<\/p>\n","protected":false},"author":1,"featured_media":108903,"comment_status":"closed","ping_status":"closed","sticky":false,"template":"","format":"standard","meta":{"footnotes":""},"categories":[7],"tags":[],"class_list":{"0":"post-108902","1":"post","2":"type-post","3":"status-publish","4":"format-standard","5":"has-post-thumbnail","7":"category-sports"},"_links":{"self":[{"href":"https:\/\/radiostargjilan.com\/web\/wp-json\/wp\/v2\/posts\/108902","targetHints":{"allow":["GET"]}}],"collection":[{"href":"https:\/\/radiostargjilan.com\/web\/wp-json\/wp\/v2\/posts"}],"about":[{"href":"https:\/\/radiostargjilan.com\/web\/wp-json\/wp\/v2\/types\/post"}],"author":[{"embeddable":true,"href":"https:\/\/radiostargjilan.com\/web\/wp-json\/wp\/v2\/users\/1"}],"replies":[{"embeddable":true,"href":"https:\/\/radiostargjilan.com\/web\/wp-json\/wp\/v2\/comments?post=108902"}],"version-history":[{"count":0,"href":"https:\/\/radiostargjilan.com\/web\/wp-json\/wp\/v2\/posts\/108902\/revisions"}],"wp:featuredmedia":[{"embeddable":true,"href":"https:\/\/radiostargjilan.com\/web\/wp-json\/wp\/v2\/media\/108903"}],"wp:attachment":[{"href":"https:\/\/radiostargjilan.com\/web\/wp-json\/wp\/v2\/media?parent=108902"}],"wp:term":[{"taxonomy":"category","embeddable":true,"href":"https:\/\/radiostargjilan.com\/web\/wp-json\/wp\/v2\/categories?post=108902"},{"taxonomy":"post_tag","embeddable":true,"href":"https:\/\/radiostargjilan.com\/web\/wp-json\/wp\/v2\/tags?post=108902"}],"curies":[{"name":"wp","href":"https:\/\/api.w.org\/{rel}","templated":true}]}}