{"id":108951,"date":"2022-03-17T15:30:59","date_gmt":"2022-03-17T14:30:59","guid":{"rendered":"https:\/\/radiostargjilan.com\/web\/?p=108951"},"modified":"2022-03-17T15:30:59","modified_gmt":"2022-03-17T14:30:59","slug":"reagon-agim-ademi-sqaron-biseden-qe-kishte-ne-polici-dhe-hapat-qe-do-te-nderrmare","status":"publish","type":"post","link":"https:\/\/radiostargjilan.com\/web\/reagon-agim-ademi-sqaron-biseden-qe-kishte-ne-polici-dhe-hapat-qe-do-te-nderrmare\/","title":{"rendered":"Reagon Agim Ademi, sqaron bised\u00ebn q\u00eb kishte n\u00eb Polici dhe hapat q\u00eb do t\u00eb nd\u00ebrrmar\u00eb"},"content":{"rendered":"<p>Numri nj\u00eb i FFK-s\u00eb, Agim Ademi ka dal me nj\u00eb sqarim pas ndalimit q\u00eb kishte n\u00eb Polici ku dha deklarat\u00eb p\u00ebr situat\u00ebn e krijuar dje, me \u00e7ka u akuzua p\u00ebr sulm ndaj Artan Govorit drejtor p\u00ebr marr\u00ebdh\u00ebnie me jasht\u00eb n\u00eb FFK.<\/p>\n<p>Ademi ka theksuar se tashm\u00eb gjith\u00e7ka \u00ebsht\u00eb sqaruar dhe ishte vet\u00ebm nj\u00eb keqkuptim, derisa ka k\u00ebmb\u00ebngulur se do t\u00eb vazhdoj\u00eb pun\u00ebn e madhe q\u00eb i pret n\u00eb organizimin e nj\u00eb procesi zgjedhor ligjor dhe t\u00eb rregull p\u00ebr dat\u00ebn 6 prill 2022.<\/p>\n<p>Postimi i plot\u00eb pa nd\u00ebrhyrje i Agim Ademit<\/p>\n<p>Sqarim p\u00ebr opinion<\/p>\n<p>Dje p\u00ebr shkak t\u00eb nj\u00eb debati verbal q\u00eb pata me nj\u00eb koleg t\u00eb FFK-s\u00eb, i cili debat kishte q\u00ebllim krejt t\u00eb mir\u00eb p\u00ebr t\u00eb sqaruar nj\u00eb situat\u00eb nga marr\u00ebdh\u00ebnia e pun\u00ebs n\u00eb FFK, p\u00ebrfundoi pa shkas n\u00eb Polici dhe ju dha hov nga disa media dhe grupe t\u00eb interesit, duke e shfryt\u00ebzuar situat\u00ebn zgjedhore q\u00eb kemi n\u00eb FFK, me \u00e7\u2019rast un\u00eb p\u00ebrfundova p\u00ebr disa or\u00eb n\u00eb Polici.<\/p>\n<p>Pas deklaratave t\u00eb t\u00eb gjitha pal\u00ebve t\u00eb p\u00ebrfshira, u sqarua se e t\u00ebra ishte vet\u00ebm nj\u00eb keqkuptim, k\u00ebshtu q\u00eb un\u00eb u lirova nga ndalimi dhe gjendem n\u00eb mesin e familjar\u00ebve dhe koleg\u00ebve t\u00eb FFK-s\u00eb.<\/p>\n<p>Ju fal\u00ebnderoj edhe nj\u00ebher\u00eb t\u00eb gjith\u00eb juve bashk\u00ebpun\u00ebtor\u00ebve t\u00eb mi dhe komunitetin e futbollit p\u00ebr interesimin dhe mb\u00ebshtetjen, nj\u00ebherit ju garantoj se do t\u00eb punoj s\u00eb bashku me ju p\u00ebr ngritjen e futbollit dhe avancimin e Federat\u00ebs s\u00eb Futbollit t\u00eb Kosov\u00ebs.<\/p>\n<p>Ju siguroj se s\u00eb bashk\u00eb me stafin e FFK-s\u00eb do t\u00eb vazhdojm\u00eb pun\u00ebn e madhe q\u00eb na pret n\u00eb organizimin e nj\u00eb procesi zgjedhor ligjor dhe t\u00eb rregullt p\u00ebr dat\u00ebn 06 prill 2022, si dhe n\u00eb organizimin e ndeshjeve t\u00eb Komb\u00ebtares s\u00eb Kosov\u00ebs, kund\u00ebr Burkina Fasos dhe Zvicr\u00ebs k\u00ebt\u00eb muaj.<\/p>\n<p>Faleminderit p\u00ebr mir\u00ebkuptim!<\/p>\n<p>Me respekt, A.A<\/p>\n","protected":false},"excerpt":{"rendered":"<p>Numri nj\u00eb i FFK-s\u00eb, Agim Ademi ka dal me nj\u00eb sqarim pas ndalimit q\u00eb kishte n\u00eb Polici ku dha deklarat\u00eb p\u00ebr situat\u00ebn e krijuar dje, me \u00e7ka u akuzua p\u00ebr sulm ndaj Artan Govorit drejtor p\u00ebr marr\u00ebdh\u00ebnie me jasht\u00eb n\u00eb FFK. Ademi ka theksuar se tashm\u00eb gjith\u00e7ka \u00ebsht\u00eb sqaruar dhe ishte vet\u00ebm nj\u00eb keqkuptim, derisa [&hellip;]<\/p>\n","protected":false},"author":1,"featured_media":108952,"comment_status":"closed","ping_status":"closed","sticky":false,"template":"","format":"standard","meta":{"footnotes":""},"categories":[7],"tags":[],"class_list":{"0":"post-108951","1":"post","2":"type-post","3":"status-publish","4":"format-standard","5":"has-post-thumbnail","7":"category-sports"},"_links":{"self":[{"href":"https:\/\/radiostargjilan.com\/web\/wp-json\/wp\/v2\/posts\/108951","targetHints":{"allow":["GET"]}}],"collection":[{"href":"https:\/\/radiostargjilan.com\/web\/wp-json\/wp\/v2\/posts"}],"about":[{"href":"https:\/\/radiostargjilan.com\/web\/wp-json\/wp\/v2\/types\/post"}],"author":[{"embeddable":true,"href":"https:\/\/radiostargjilan.com\/web\/wp-json\/wp\/v2\/users\/1"}],"replies":[{"embeddable":true,"href":"https:\/\/radiostargjilan.com\/web\/wp-json\/wp\/v2\/comments?post=108951"}],"version-history":[{"count":0,"href":"https:\/\/radiostargjilan.com\/web\/wp-json\/wp\/v2\/posts\/108951\/revisions"}],"wp:featuredmedia":[{"embeddable":true,"href":"https:\/\/radiostargjilan.com\/web\/wp-json\/wp\/v2\/media\/108952"}],"wp:attachment":[{"href":"https:\/\/radiostargjilan.com\/web\/wp-json\/wp\/v2\/media?parent=108951"}],"wp:term":[{"taxonomy":"category","embeddable":true,"href":"https:\/\/radiostargjilan.com\/web\/wp-json\/wp\/v2\/categories?post=108951"},{"taxonomy":"post_tag","embeddable":true,"href":"https:\/\/radiostargjilan.com\/web\/wp-json\/wp\/v2\/tags?post=108951"}],"curies":[{"name":"wp","href":"https:\/\/api.w.org\/{rel}","templated":true}]}}