{"id":109160,"date":"2022-03-20T11:06:13","date_gmt":"2022-03-20T10:06:13","guid":{"rendered":"https:\/\/radiostargjilan.com\/web\/?p=109160"},"modified":"2022-03-20T11:06:13","modified_gmt":"2022-03-20T10:06:13","slug":"lajm-i-mire-trusti-gati-te-lejoje-terheqjen-e-30","status":"publish","type":"post","link":"https:\/\/radiostargjilan.com\/web\/lajm-i-mire-trusti-gati-te-lejoje-terheqjen-e-30\/","title":{"rendered":"Lajm i mir\u00eb: Trusti gati t\u00eb lejoj\u00eb t\u00ebrheqjen e 30%"},"content":{"rendered":"<p>Kriza ekonomike i shtyn qytetar\u00ebt t\u00eb shpresojn\u00eb se ligjv\u00ebn\u00ebsit do t\u00eb vendosin pro nj\u00eb mund\u00ebsie ligjore, q\u00eb t\u00eb mund t\u00eb t\u00ebrheqin nga Trusti Pensional edhe nj\u00eb sasi mjetesh financiare. Ekonomist\u00ebt deklarojn\u00eb se kjo do t\u00eb ishte ndihm\u00eb edhe p\u00ebr vendin, kurse zyrtar\u00ebt e Trustit thon\u00eb se do t\u00eb ishin t\u00eb gatsh\u00ebm ta zbatonin vendimin.<\/p>\n<p>Interesimi i qytetar\u00ebve nuk mungon sepse nevojat jan\u00eb t\u00eb shumta.<\/p>\n<p>\u201cT\u00ebrheqja e nj\u00eb shume nga Trusti n\u00eb nj\u00eb m\u00ebnyr\u00eb ju ndihmon qytetar\u00ebve shum\u00eb n\u00eb k\u00ebt\u00eb kriz\u00eb por te na \u00ebsht\u00eb ma e ndjeshme kjo situat\u00eb pasi jemi nj\u00eb popull pak m\u00eb i varf\u00ebr. Do t\u00eb isht\u00eb shum\u00eb mir\u00eb me ndodh\u00eb kjo\u201d, thot\u00eb p\u00ebr televizionin publik Muharrrem Rudari, qytetar.<\/p>\n<p>\u201cQysh mendoj un\u00eb, p\u00ebr popullsin\u00eb e Kosov\u00ebs \u00ebsht\u00eb m\u00eb mir\u00eb se njer\u00ebzit kan\u00eb nevoj\u00eb, duke e par\u00eb edhe gjendjen ekonomike e cila \u00ebsht\u00eb shum\u00eb e keqe\u201d, tha Arianit Llalloshi, qytetar.<\/p>\n<p>K\u00ebrkesa p\u00ebr t\u00ebrheqje t\u00eb nj\u00eb sasie kursimesh, ka marr\u00eb rrug\u00ebn institucionale.<\/p>\n<p>Dit\u00eb m\u00eb par\u00eb, deputeti i PDK-s\u00eb Bekim Haxhiu, dor\u00ebzoi n\u00eb Kuvend Projektligjin p\u00ebr plot\u00ebsimin dhe ndryshimin e ligjit p\u00ebr Fondet Pensionale, veprim q\u00eb e p\u00ebrkrahu edhe AAK-ja.<\/p>\n<p>Edhe ekonomist\u00ebt pajtohen me nj\u00eb hap t\u00eb till\u00eb.<\/p>\n<p>Profesori i ekonomis\u00eb Muhamet Sadiku thot\u00eb se kjo \u00ebsht\u00eb k\u00ebrkes\u00eb e drejt\u00eb e qytetar\u00ebve meq\u00eb e t\u00ebr\u00eb bota po p\u00ebrballet me nj\u00eb kriz\u00eb financiare.<\/p>\n<p>\u201cUn\u00eb mendoj se \u00ebsht\u00eb legjitime k\u00ebrkesa e qytetar\u00ebve t\u00eb Kosov\u00ebs q\u00eb t\u00eb k\u00ebrkojn\u00eb t\u00ebrheqje tjet\u00ebr t\u00eb nj\u00eb p\u00ebrqindjeje duke marr\u00eb parasysh nevojat tejet emergjente, por n\u00eb an\u00ebn tjet\u00ebr duke ruajtur stabilitetin e k\u00ebtyre mjeteve\u201d, tha Sadiku.<\/p>\n<p>Drejtori i Bordit t\u00eb Trustit, Ruzhdi Morina, \u00ebsht\u00eb shprehur se n\u00eb rast se legjislativi merr vendim p\u00ebr nj\u00eb t\u00ebrheqje t\u00eb dyt\u00eb, ata jan\u00eb n\u00eb gjendje t\u00eb aprovojn\u00eb dhe zbatojn\u00eb k\u00ebt\u00eb vendim.<\/p>\n<p>\u201cN\u00eb rast se kuvendi i Kosov\u00ebs e vler\u00ebson nj\u00eb gj\u00eb t\u00eb till\u00eb dhe e aprovon ne e zbatojm\u00eb por ne nuk mund t\u00eb nd\u00ebrhyjm\u00eb n\u00eb vendimmarrje te tilla dhe nuk d\u00ebshirojm\u00eb t\u00eb p\u00ebrfshihemi\u201d, tha Morina.<\/p>\n<p>T\u00ebrheqja e 10% e mjeteve ishte garantuar me Ligjin p\u00ebr Rim\u00ebk\u00ebmbjen Ekonomike t\u00eb votuar n\u00eb Kuvendin e Kosov\u00ebs si ndihm\u00eb p\u00ebr periudh\u00ebn e pandemis\u00eb COVID-19.<\/p>\n<p>K\u00ebt\u00eb vendim e kishin shfryt\u00ebzuar mbi 425 mij\u00eb qytetar\u00eb, t\u00eb cil\u00ebt kishin t\u00ebrhequr rreth 200 milion\u00eb euro.JepiZ\u00eb<\/p>\n","protected":false},"excerpt":{"rendered":"<p>Kriza ekonomike i shtyn qytetar\u00ebt t\u00eb shpresojn\u00eb se ligjv\u00ebn\u00ebsit do t\u00eb vendosin pro nj\u00eb mund\u00ebsie ligjore, q\u00eb t\u00eb mund t\u00eb t\u00ebrheqin nga Trusti Pensional edhe nj\u00eb sasi mjetesh financiare. Ekonomist\u00ebt deklarojn\u00eb se kjo do t\u00eb ishte ndihm\u00eb edhe p\u00ebr vendin, kurse zyrtar\u00ebt e Trustit thon\u00eb se do t\u00eb ishin t\u00eb gatsh\u00ebm ta zbatonin vendimin. Interesimi [&hellip;]<\/p>\n","protected":false},"author":1,"featured_media":109161,"comment_status":"closed","ping_status":"closed","sticky":false,"template":"","format":"standard","meta":{"footnotes":""},"categories":[5],"tags":[],"class_list":{"0":"post-109160","1":"post","2":"type-post","3":"status-publish","4":"format-standard","5":"has-post-thumbnail","7":"category-lajme"},"_links":{"self":[{"href":"https:\/\/radiostargjilan.com\/web\/wp-json\/wp\/v2\/posts\/109160","targetHints":{"allow":["GET"]}}],"collection":[{"href":"https:\/\/radiostargjilan.com\/web\/wp-json\/wp\/v2\/posts"}],"about":[{"href":"https:\/\/radiostargjilan.com\/web\/wp-json\/wp\/v2\/types\/post"}],"author":[{"embeddable":true,"href":"https:\/\/radiostargjilan.com\/web\/wp-json\/wp\/v2\/users\/1"}],"replies":[{"embeddable":true,"href":"https:\/\/radiostargjilan.com\/web\/wp-json\/wp\/v2\/comments?post=109160"}],"version-history":[{"count":0,"href":"https:\/\/radiostargjilan.com\/web\/wp-json\/wp\/v2\/posts\/109160\/revisions"}],"wp:featuredmedia":[{"embeddable":true,"href":"https:\/\/radiostargjilan.com\/web\/wp-json\/wp\/v2\/media\/109161"}],"wp:attachment":[{"href":"https:\/\/radiostargjilan.com\/web\/wp-json\/wp\/v2\/media?parent=109160"}],"wp:term":[{"taxonomy":"category","embeddable":true,"href":"https:\/\/radiostargjilan.com\/web\/wp-json\/wp\/v2\/categories?post=109160"},{"taxonomy":"post_tag","embeddable":true,"href":"https:\/\/radiostargjilan.com\/web\/wp-json\/wp\/v2\/tags?post=109160"}],"curies":[{"name":"wp","href":"https:\/\/api.w.org\/{rel}","templated":true}]}}