{"id":109889,"date":"2022-03-26T19:24:33","date_gmt":"2022-03-26T18:24:33","guid":{"rendered":"https:\/\/radiostargjilan.com\/web\/?p=109889"},"modified":"2022-03-26T19:24:33","modified_gmt":"2022-03-26T18:24:33","slug":"kryetari-hyseni-bashke-me-banoret-kane-marre-aksion-per-te-bere-pastrimin-e-hapsires-tek-kalaja-e-pogragjes","status":"publish","type":"post","link":"https:\/\/radiostargjilan.com\/web\/kryetari-hyseni-bashke-me-banoret-kane-marre-aksion-per-te-bere-pastrimin-e-hapsires-tek-kalaja-e-pogragjes\/","title":{"rendered":"Kryetari Hyseni, bashk\u00eb me banor\u00ebt kan\u00eb marr\u00eb aksion p\u00ebr t\u00eb b\u00ebr\u00eb pastrimin e hapsir\u00ebs tek Kalaja e Pogragj\u00ebs"},"content":{"rendered":"<p>Gjilani ka monumente historike p\u00ebr t\u00eb cilat pak din\u00eb banor\u00ebt e edhe m\u00eb pak ata q\u00eb e vizitojn\u00eb qytetin. T\u2019i mir\u00ebmbajm\u00eb dhe promovojm\u00eb ato \u00ebsht\u00eb detyr\u00eb e jona edhe si institucione edhe si qytetar\u00eb. <\/p>\n<p>Andaj, sot isha n\u00eb Pogragj\u00eb bashk\u00eb me familjen time dhe shum\u00eb qytetar\u00eb e banor\u00eb t\u00eb fshatit. Atje pastruam hap\u00ebsiren rreth Kalas\u00eb dhe diskutuam p\u00ebr nevoj\u00ebn p\u00ebr mir\u00ebmbajtje dhe disa punime q\u00eb planifikojm\u00eb t\u2019i b\u00ebjm\u00eb, p\u00ebr t\u00eb cilat po punojm\u00eb ngusht\u00eb me Universitetin e Prishtin\u00ebs &#8211; Fakultetin e Arkitektur\u00ebs, Institutin Arkeologjik t\u00eb Kosov\u00ebs dhe Qendr\u00ebn Rajonale t\u00eb Trash\u00ebgimis\u00eb Kulturore.<\/p>\n<p>Kinemaja e hapur do na mbledh n\u00eb Pogragj\u00eb gjat\u00eb ver\u00ebs ku do t\u00eb organizohen edhe shum\u00eb aktivitete t\u00eb tjera kulturore.<\/p>\n","protected":false},"excerpt":{"rendered":"<p>Gjilani ka monumente historike p\u00ebr t\u00eb cilat pak din\u00eb banor\u00ebt e edhe m\u00eb pak ata q\u00eb e vizitojn\u00eb qytetin. T\u2019i mir\u00ebmbajm\u00eb dhe promovojm\u00eb ato \u00ebsht\u00eb detyr\u00eb e jona edhe si institucione edhe si qytetar\u00eb. Andaj, sot isha n\u00eb Pogragj\u00eb bashk\u00eb me familjen time dhe shum\u00eb qytetar\u00eb e banor\u00eb t\u00eb fshatit. Atje pastruam hap\u00ebsiren rreth Kalas\u00eb [&hellip;]<\/p>\n","protected":false},"author":1,"featured_media":109890,"comment_status":"closed","ping_status":"closed","sticky":false,"template":"","format":"standard","meta":{"footnotes":""},"categories":[5],"tags":[],"class_list":{"0":"post-109889","1":"post","2":"type-post","3":"status-publish","4":"format-standard","5":"has-post-thumbnail","7":"category-lajme"},"_links":{"self":[{"href":"https:\/\/radiostargjilan.com\/web\/wp-json\/wp\/v2\/posts\/109889","targetHints":{"allow":["GET"]}}],"collection":[{"href":"https:\/\/radiostargjilan.com\/web\/wp-json\/wp\/v2\/posts"}],"about":[{"href":"https:\/\/radiostargjilan.com\/web\/wp-json\/wp\/v2\/types\/post"}],"author":[{"embeddable":true,"href":"https:\/\/radiostargjilan.com\/web\/wp-json\/wp\/v2\/users\/1"}],"replies":[{"embeddable":true,"href":"https:\/\/radiostargjilan.com\/web\/wp-json\/wp\/v2\/comments?post=109889"}],"version-history":[{"count":0,"href":"https:\/\/radiostargjilan.com\/web\/wp-json\/wp\/v2\/posts\/109889\/revisions"}],"wp:featuredmedia":[{"embeddable":true,"href":"https:\/\/radiostargjilan.com\/web\/wp-json\/wp\/v2\/media\/109890"}],"wp:attachment":[{"href":"https:\/\/radiostargjilan.com\/web\/wp-json\/wp\/v2\/media?parent=109889"}],"wp:term":[{"taxonomy":"category","embeddable":true,"href":"https:\/\/radiostargjilan.com\/web\/wp-json\/wp\/v2\/categories?post=109889"},{"taxonomy":"post_tag","embeddable":true,"href":"https:\/\/radiostargjilan.com\/web\/wp-json\/wp\/v2\/tags?post=109889"}],"curies":[{"name":"wp","href":"https:\/\/api.w.org\/{rel}","templated":true}]}}