{"id":110174,"date":"2022-03-29T12:56:05","date_gmt":"2022-03-29T10:56:05","guid":{"rendered":"https:\/\/radiostargjilan.com\/web\/?p=110174"},"modified":"2022-03-29T12:56:05","modified_gmt":"2022-03-29T10:56:05","slug":"gjykata-e-procedon-tutje-padine-e-gramoz-vokrrit-ndaj-ffk-se-e-cakton-edhe-gjyqtarin","status":"publish","type":"post","link":"https:\/\/radiostargjilan.com\/web\/gjykata-e-procedon-tutje-padine-e-gramoz-vokrrit-ndaj-ffk-se-e-cakton-edhe-gjyqtarin\/","title":{"rendered":"Gjykata e procedon tutje padin\u00eb e Gramoz Vokrrit ndaj FFK-s\u00eb, e cakton edhe gjyqtarin"},"content":{"rendered":"<p>Gjykata themelore n\u00eb Prishtin\u00eb e ka proceduar tutje padin\u00eb e Gramoz Vokrrit ndaj Federat\u00ebs s\u00eb Futbollit t\u00eb Kosov\u00ebs.<\/p>\n<p>Madje, l\u00ebnda tashm\u00eb \u00ebsht\u00eb proceduar tutje dhe \u00ebsht\u00eb caktuar edhe gjyqtarja q\u00eb do t\u00eb merret me padin\u00eb e Gramoz Vokrrit dhe si\u00e7 m\u00ebson \u201cGazeta Express\u201d, ajo \u00ebsht\u00eb Luljeta Maxhuni.<\/p>\n<p>Vokrri p\u00ebrmes avokat\u00ebve t\u00eb tij kishte ngre padi dje ndaj FFK-s\u00eb n\u00eb Gjykat\u00ebn Themelore n\u00eb Prishtin\u00eb n\u00eb lidhje me procesin zgjedhor p\u00ebr kryetar t\u00eb saj.<\/p>\n<p>Vokrri ka k\u00ebrkuar nga gjykata q\u00eb ta pezulloj\u00eb Kuvendin e thirrur nga Komiteti Ekzekutiv n\u00eb krye me Agim Ademin p\u00ebr dat\u00ebn 6 prill.<\/p>\n<p>Kjo pasi Vokrri konsideron se n\u00eb m\u00ebnyr\u00eb t\u00eb paligjshme FFK-ja e ka refuzuar kandidatur\u00ebn e tij p\u00ebr kryetar, duke shkuar n\u00eb zgjedhje ve\u00e7 me kryetarin aktual si kandidat t\u00eb vet\u00ebm edhe p\u00ebr nj\u00eb mandat.<\/p>\n<p>P\u00ebrmes k\u00ebsaj padie Vokrri e ka k\u00ebrkuar pezullimin e Kuvendit Zgjedhor deri n\u00eb nj\u00eb vendim tjet\u00ebr t\u00eb gjykat\u00ebs, shkruan \u201cGazeta Express\u201d.<\/p>\n<p>Krahas refuzimit n\u00eb m\u00ebnyr\u00eb t\u00eb paligjshme t\u00eb kandidimit t\u00eb tij, Vokrri pretendon se i gjith\u00eb procesi \u00ebsht\u00eb i paligjsh\u00ebm dhe jo statutor, gj\u00eb q\u00eb t\u00eb cil\u00ebn e ka pohuar edhe Departamenti Ligjor i Ministris\u00eb p\u00ebr Kultur\u00eb, Rini dhe Sport.<\/p>\n<p>Si\u00e7 dihet, FFK-n\u00eb Gjykat\u00ebn Themelore n\u00eb Prishtin\u00eb dit\u00eb m\u00eb par\u00eb e kishte paditur edhe klubi i futbollit Vitia, po ashtu me arsyetimin se procesi zgjedhor p\u00ebr kryetar \u00ebsht\u00eb i parregullt.<\/p>\n","protected":false},"excerpt":{"rendered":"<p>Gjykata themelore n\u00eb Prishtin\u00eb e ka proceduar tutje padin\u00eb e Gramoz Vokrrit ndaj Federat\u00ebs s\u00eb Futbollit t\u00eb Kosov\u00ebs. Madje, l\u00ebnda tashm\u00eb \u00ebsht\u00eb proceduar tutje dhe \u00ebsht\u00eb caktuar edhe gjyqtarja q\u00eb do t\u00eb merret me padin\u00eb e Gramoz Vokrrit dhe si\u00e7 m\u00ebson \u201cGazeta Express\u201d, ajo \u00ebsht\u00eb Luljeta Maxhuni. Vokrri p\u00ebrmes avokat\u00ebve t\u00eb tij kishte ngre padi [&hellip;]<\/p>\n","protected":false},"author":1,"featured_media":110175,"comment_status":"closed","ping_status":"closed","sticky":false,"template":"","format":"standard","meta":{"footnotes":""},"categories":[5],"tags":[],"class_list":{"0":"post-110174","1":"post","2":"type-post","3":"status-publish","4":"format-standard","5":"has-post-thumbnail","7":"category-lajme"},"_links":{"self":[{"href":"https:\/\/radiostargjilan.com\/web\/wp-json\/wp\/v2\/posts\/110174","targetHints":{"allow":["GET"]}}],"collection":[{"href":"https:\/\/radiostargjilan.com\/web\/wp-json\/wp\/v2\/posts"}],"about":[{"href":"https:\/\/radiostargjilan.com\/web\/wp-json\/wp\/v2\/types\/post"}],"author":[{"embeddable":true,"href":"https:\/\/radiostargjilan.com\/web\/wp-json\/wp\/v2\/users\/1"}],"replies":[{"embeddable":true,"href":"https:\/\/radiostargjilan.com\/web\/wp-json\/wp\/v2\/comments?post=110174"}],"version-history":[{"count":0,"href":"https:\/\/radiostargjilan.com\/web\/wp-json\/wp\/v2\/posts\/110174\/revisions"}],"wp:featuredmedia":[{"embeddable":true,"href":"https:\/\/radiostargjilan.com\/web\/wp-json\/wp\/v2\/media\/110175"}],"wp:attachment":[{"href":"https:\/\/radiostargjilan.com\/web\/wp-json\/wp\/v2\/media?parent=110174"}],"wp:term":[{"taxonomy":"category","embeddable":true,"href":"https:\/\/radiostargjilan.com\/web\/wp-json\/wp\/v2\/categories?post=110174"},{"taxonomy":"post_tag","embeddable":true,"href":"https:\/\/radiostargjilan.com\/web\/wp-json\/wp\/v2\/tags?post=110174"}],"curies":[{"name":"wp","href":"https:\/\/api.w.org\/{rel}","templated":true}]}}