{"id":110233,"date":"2022-03-29T22:35:03","date_gmt":"2022-03-29T20:35:03","guid":{"rendered":"https:\/\/radiostargjilan.com\/web\/?p=110233"},"modified":"2022-03-29T22:35:03","modified_gmt":"2022-03-29T20:35:03","slug":"komentatori-kosovar-florim-canolli-refuzoi-tia-pemend-emrin-andi-zeqirit-futbollistit-qe-zgjodhi-zvicren-para-kosoves","status":"publish","type":"post","link":"https:\/\/radiostargjilan.com\/web\/komentatori-kosovar-florim-canolli-refuzoi-tia-pemend-emrin-andi-zeqirit-futbollistit-qe-zgjodhi-zvicren-para-kosoves\/","title":{"rendered":"Komentatori kosovar, Florim Canolli refuzoi t\u2019ia p\u00ebmend emrin Andi Zeqirit, futbollistit q\u00eb zgjodhi Zvicr\u00ebn para Kosov\u00ebs"},"content":{"rendered":"<p>Komentatori kosovar i Digitalb, Florim Canolli mund t\u00eb ket\u00eb b\u00ebr\u00eb gjestin m\u00eb t\u00eb mir\u00eb n\u00eb vitet e fundit \u2013 gjat\u00eb komentimit t\u00eb tij n\u00eb sfid\u00ebn Zvic\u00ebr \u2013 Kosov\u00eb.<\/p>\n<p>Florim Canolli, komentator i futbollit n\u00eb Digitalb ka zgjedhur nj\u00eb m\u00ebnyr\u00eb unike p\u00ebr ta shprehur pak\u00ebnaq\u00ebsin\u00eb e tij ndaj m\u00ebnyr\u00ebs se si futbollisti, Andi Zeqiri zgjodhi ta p\u00ebrfaq\u00ebsoj\u00eb Zvicr\u00ebn.<\/p>\n<p>22 vje\u00e7ari fillimisht kishte pranuar teorikisht t\u00eb luaj\u00eb p\u00ebr Kosov\u00ebn, por n\u00eb fund zgjodhi q\u00eb karrier\u00ebn e tij nd\u00ebrkomb\u00ebtare ta vazhdoj\u00eb tek komb\u00ebtarja helvetike, shkruan GazetaBlic Sport.<\/p>\n<p>Ndeshja p\u00ebrfundoi me rezultat 1 me 1, por gjat\u00eb koh\u00ebs kur Andi Zeqiri kishte n\u00eb zot\u00ebrim topin gjat\u00eb ballafaqimit Zvic\u00ebr-Kosov\u00eb, komentatori Florim Canolli i referohej futbollistit si lojtari me numrin 20 dhe jo me emrin e tij ose mbiemrin, si\u00e7 b\u00ebhet zakonisht nga komentator\u00ebt e futbollit.<\/p>\n<p>Duket qartazi q\u00eb komentatori ka vendosur ta b\u00ebj\u00eb nj\u00eb gj\u00eb t\u00eb till\u00eb p\u00ebr shkak t\u00eb m\u00ebnyr\u00ebs s\u00eb zgjedhjes s\u00eb lojtarit dhe jo vendimit t\u00eb Zeqirit p\u00ebr t\u00eb luajtur tek Zvicra.<\/p>\n<p>Kujtojm\u00eb se tifoz\u00ebt kosovar\u00eb kan\u00eb qen\u00eb mjaft t\u00eb d\u00ebshp\u00ebruar dhe t\u00eb m\u00ebrzitur nj\u00ebkoh\u00ebsisht p\u00ebr m\u00ebnyr\u00ebn se si ai e zgjodhi Zvicr\u00ebn p\u00ebr ta p\u00ebrfaq\u00ebsuar.<\/p>\n","protected":false},"excerpt":{"rendered":"<p>Komentatori kosovar i Digitalb, Florim Canolli mund t\u00eb ket\u00eb b\u00ebr\u00eb gjestin m\u00eb t\u00eb mir\u00eb n\u00eb vitet e fundit \u2013 gjat\u00eb komentimit t\u00eb tij n\u00eb sfid\u00ebn Zvic\u00ebr \u2013 Kosov\u00eb. Florim Canolli, komentator i futbollit n\u00eb Digitalb ka zgjedhur nj\u00eb m\u00ebnyr\u00eb unike p\u00ebr ta shprehur pak\u00ebnaq\u00ebsin\u00eb e tij ndaj m\u00ebnyr\u00ebs se si futbollisti, Andi Zeqiri zgjodhi ta [&hellip;]<\/p>\n","protected":false},"author":1,"featured_media":110234,"comment_status":"closed","ping_status":"closed","sticky":false,"template":"","format":"standard","meta":{"footnotes":""},"categories":[7],"tags":[],"class_list":{"0":"post-110233","1":"post","2":"type-post","3":"status-publish","4":"format-standard","5":"has-post-thumbnail","7":"category-sports"},"_links":{"self":[{"href":"https:\/\/radiostargjilan.com\/web\/wp-json\/wp\/v2\/posts\/110233","targetHints":{"allow":["GET"]}}],"collection":[{"href":"https:\/\/radiostargjilan.com\/web\/wp-json\/wp\/v2\/posts"}],"about":[{"href":"https:\/\/radiostargjilan.com\/web\/wp-json\/wp\/v2\/types\/post"}],"author":[{"embeddable":true,"href":"https:\/\/radiostargjilan.com\/web\/wp-json\/wp\/v2\/users\/1"}],"replies":[{"embeddable":true,"href":"https:\/\/radiostargjilan.com\/web\/wp-json\/wp\/v2\/comments?post=110233"}],"version-history":[{"count":0,"href":"https:\/\/radiostargjilan.com\/web\/wp-json\/wp\/v2\/posts\/110233\/revisions"}],"wp:featuredmedia":[{"embeddable":true,"href":"https:\/\/radiostargjilan.com\/web\/wp-json\/wp\/v2\/media\/110234"}],"wp:attachment":[{"href":"https:\/\/radiostargjilan.com\/web\/wp-json\/wp\/v2\/media?parent=110233"}],"wp:term":[{"taxonomy":"category","embeddable":true,"href":"https:\/\/radiostargjilan.com\/web\/wp-json\/wp\/v2\/categories?post=110233"},{"taxonomy":"post_tag","embeddable":true,"href":"https:\/\/radiostargjilan.com\/web\/wp-json\/wp\/v2\/tags?post=110233"}],"curies":[{"name":"wp","href":"https:\/\/api.w.org\/{rel}","templated":true}]}}