{"id":110470,"date":"2022-04-01T15:59:12","date_gmt":"2022-04-01T13:59:12","guid":{"rendered":"https:\/\/radiostargjilan.com\/web\/?p=110470"},"modified":"2022-04-01T15:59:12","modified_gmt":"2022-04-01T13:59:12","slug":"nuhiu-kam-besim-te-grupi-synojme-vazhdimesi-te-rezultateve","status":"publish","type":"post","link":"https:\/\/radiostargjilan.com\/web\/nuhiu-kam-besim-te-grupi-synojme-vazhdimesi-te-rezultateve\/","title":{"rendered":"Nuhiu: Kam besim te grupi, synojm\u00eb vazhdim\u00ebsi t\u00eb rezultateve"},"content":{"rendered":"<p>Superliga e Kosov\u00ebs kthehet k\u00ebt\u00eb vikend dhe n\u00eb prag t\u00eb ndeshjes s\u00eb 27-t\u00eb kampionale, KF Ulpiana \u2013 FC DRITA, klubi yn\u00eb ka mbajtur konferenc\u00eb p\u00ebr media.<\/p>\n<p>Kryetrajneri, Ardian Nuhiu dhe futbollisti, Rron Broja fol\u00ebn p\u00ebr ndeshjen e rradh\u00ebs, atmosfer\u00ebn n\u00eb klub dhe p\u00ebrgatitjet gjat\u00eb pushimit dy javor\u00eb. <\/p>\n<p>Kryetrajneri Nuhiu theksoi se kund\u00ebrshtari i nes\u00ebrm meriton rrespekt dhe FC DRITA do t\u00eb qaset me seriozitetin maksimal.<\/p>\n<p>\u201cNes\u00ebr na pret nj\u00eb ndeshje realisht e fort\u00eb, asnj\u00ebher\u00eb nuk do t\u00eb shoh klasifikimin pasi mendoj q\u00eb KF Ulpiana ka skuad\u00ebr cil\u00ebsore dhe ka zhvilluar ndeshje t\u00eb mira. Do t\u00eb qasemi me seriozitetin m\u00eb t\u00eb madh, duke rrespektuar n\u00eb maksimum kund\u00ebrshtarin dhe ne b\u00ebr\u00eb maksimumin si skuad\u00ebr p\u00ebr t\u00eb marr\u00eb tre pik\u00ebshin. K\u00ebshtu p\u00ebr t\u00eb vazhduar rrug\u00ebtimin me suksese n\u00eb ndeshjet e fundit, t\u00eb kemi vazhdim\u00ebsi dhe t\u00eb jemi lojtar\u00eb deri n\u00eb fund t\u00eb kampionatit\u201d, ka th\u00ebn\u00eb Nuhiu.<\/p>\n<p>Nd\u00ebrkaq, futbollisti Broja theksoi se atmosfera n\u00eb grup \u00ebsht\u00eb shum\u00eb e mir\u00eb, gjersa edhe nes\u00ebr fokusi \u00ebsht\u00eb vet\u00ebm te fitorja.<\/p>\n<p>\u201cNes\u00ebr na pret nj\u00eb ndeshje e v\u00ebshtir\u00eb, ndaj nj\u00eb kund\u00ebrshtari me lojtar\u00eb cil\u00ebsor\u00eb. E rrespektojm\u00eb maksimalisht dhe e vler\u00ebsojm\u00eb k\u00ebt\u00eb ndeshje, prandaj edhe besoj se nes\u00ebr do ta japim maksimumin t\u00eb marrim pik\u00ebt e plota. N\u00eb k\u00ebt\u00eb faz\u00eb nuk na lejohen d\u00ebshtimet, prandaj edhe grupi \u00ebsht\u00eb I bashkuar e n\u00eb harmoni. Besoj se kjo do t\u00eb ndikoj\u00eb edhe n\u00eb rezultate n\u00eb k\u00ebto dhjet\u00eb ndeshjet e fundit dhe shpresoj t\u00eb mos gabojm\u00eb deri n\u00eb fund e t\u00eb marrim ndeshjes pas ndeshje\u201d, ka th\u00ebn\u00eb Broja.<\/p>\n<p>Trajneri Nuhiu theksoi se pushimi dyjavor\u00eb ka qen\u00eb i mir\u00ebseardhur p\u00ebr skuadr\u00ebn dhe kjo periudh\u00eb \u00ebsht\u00eb shfryt\u00ebzuar p\u00ebr t\u2019u p\u00ebrmir\u00ebsuar e rikuperuar energjit\u00eb. <\/p>\n<p>\u201cJemi fokusuar t\u00eb p\u00ebrmir\u00ebohemi qoft\u00eb n\u00eb aspektin defanziv dhe ofanzim, t\u00eb krijojm\u00eb e nd\u00ebrtojm\u00eb dhe t\u00eb p\u00ebrmir\u00ebsojm\u00eb aksionet tona p\u00ebr t\u2019i konkretizuar ato. Jam shum\u00eb I k\u00ebnaqur me k\u00ebto dy jav\u00eb sic kan\u00eb punuar djemt\u00eb, pat\u00ebm edhe nj\u00eb ndeshje kontrolluese, ku nuk u rrezikuan futbollist\u00ebt q\u00eb kishin shqet\u00ebsime, kurse mor\u00ebn hap\u00ebsir\u00eb futbollist\u00ebt q\u00eb gjat\u00eb kampionatit kishin m\u00eb pak minuta. K\u00ebto dy jav\u00eb ishin t\u00eb r\u00ebnd\u00ebsishme p\u00ebr skuadr\u00ebn ton\u00eb, p\u00ebr t\u00eb rikuperuar energjit\u00eb dhe marr\u00eb ngarkes\u00ebn e duhur p\u00ebr t\u00eb qen\u00eb gati p\u00ebr dhjet\u00eb ndeshjet e fundit kampionale, shum\u00eb t\u00eb r\u00ebnd\u00ebsishme p\u00ebr skuadr\u00ebn\u201d, ka th\u00ebn\u00eb trajneri  Nuhiu. <\/p>\n<p>Trajneri yn\u00eb tha se DRITA synon ngritje dhe kthehen edhe disa futbollist\u00eb t\u00eb r\u00ebnd\u00ebsish\u00ebm, \u201cprandaj mendoj se do t\u00eb jemi edhe m\u00eb lart\u00eb, k\u00ebrkoj nga djemt\u00eb t\u00eb kemi vazhdim\u00ebsi t\u00eb rezultateve pozitive, na presin edhe 10 finale, ku nuk duhet t\u00eb gabojm\u00eb dhe duhet t\u2019i marrim ndeshjet nj\u00eb nga nj\u00eb\u201d, ka p\u00ebrfunduar Nuhiu.<\/p>\n<p>Kryetrajneri i DRIT\u00cbS njoftoi se tashm\u00eb e gjith\u00eb skuadra \u00ebsht\u00eb e kompletuar dhe do t\u00eb mungoj\u00eb vet\u00ebm Arbnor Muja, l\u00ebndimi i t\u00eb cilit nuk \u00ebsht\u00eb serioz dhe s\u00eb shpejti do t\u00eb bashkohet me grupin.<\/p>\n","protected":false},"excerpt":{"rendered":"<p>Superliga e Kosov\u00ebs kthehet k\u00ebt\u00eb vikend dhe n\u00eb prag t\u00eb ndeshjes s\u00eb 27-t\u00eb kampionale, KF Ulpiana \u2013 FC DRITA, klubi yn\u00eb ka mbajtur konferenc\u00eb p\u00ebr media. Kryetrajneri, Ardian Nuhiu dhe futbollisti, Rron Broja fol\u00ebn p\u00ebr ndeshjen e rradh\u00ebs, atmosfer\u00ebn n\u00eb klub dhe p\u00ebrgatitjet gjat\u00eb pushimit dy javor\u00eb. Kryetrajneri Nuhiu theksoi se kund\u00ebrshtari i nes\u00ebrm meriton [&hellip;]<\/p>\n","protected":false},"author":1,"featured_media":110471,"comment_status":"closed","ping_status":"closed","sticky":false,"template":"","format":"standard","meta":{"footnotes":""},"categories":[7],"tags":[],"class_list":{"0":"post-110470","1":"post","2":"type-post","3":"status-publish","4":"format-standard","5":"has-post-thumbnail","7":"category-sports"},"_links":{"self":[{"href":"https:\/\/radiostargjilan.com\/web\/wp-json\/wp\/v2\/posts\/110470","targetHints":{"allow":["GET"]}}],"collection":[{"href":"https:\/\/radiostargjilan.com\/web\/wp-json\/wp\/v2\/posts"}],"about":[{"href":"https:\/\/radiostargjilan.com\/web\/wp-json\/wp\/v2\/types\/post"}],"author":[{"embeddable":true,"href":"https:\/\/radiostargjilan.com\/web\/wp-json\/wp\/v2\/users\/1"}],"replies":[{"embeddable":true,"href":"https:\/\/radiostargjilan.com\/web\/wp-json\/wp\/v2\/comments?post=110470"}],"version-history":[{"count":0,"href":"https:\/\/radiostargjilan.com\/web\/wp-json\/wp\/v2\/posts\/110470\/revisions"}],"wp:featuredmedia":[{"embeddable":true,"href":"https:\/\/radiostargjilan.com\/web\/wp-json\/wp\/v2\/media\/110471"}],"wp:attachment":[{"href":"https:\/\/radiostargjilan.com\/web\/wp-json\/wp\/v2\/media?parent=110470"}],"wp:term":[{"taxonomy":"category","embeddable":true,"href":"https:\/\/radiostargjilan.com\/web\/wp-json\/wp\/v2\/categories?post=110470"},{"taxonomy":"post_tag","embeddable":true,"href":"https:\/\/radiostargjilan.com\/web\/wp-json\/wp\/v2\/tags?post=110470"}],"curies":[{"name":"wp","href":"https:\/\/api.w.org\/{rel}","templated":true}]}}