{"id":111074,"date":"2022-04-06T20:19:22","date_gmt":"2022-04-06T18:19:22","guid":{"rendered":"https:\/\/radiostargjilan.com\/web\/?p=111074"},"modified":"2022-04-06T20:19:22","modified_gmt":"2022-04-06T18:19:22","slug":"reagon-ismet-munishit-pasi-gjilani-humbi-03-ne-tavoline-ndaj-ballkanit","status":"publish","type":"post","link":"https:\/\/radiostargjilan.com\/web\/reagon-ismet-munishit-pasi-gjilani-humbi-03-ne-tavoline-ndaj-ballkanit\/","title":{"rendered":"Reagon Ismet Munishit, pasi Gjilani humbi 0:3 n\u00eb tavolin\u00eb ndaj Ballkanit"},"content":{"rendered":"<p>Ndeshja e jav\u00ebs s\u00eb 27-t\u00eb e zhvilluar n\u00eb Gjilan me dat\u00ebn 03.04.2022, n\u00eb mes t\u00eb SC Gjilani \u2013 FC Ballkani, e nd\u00ebrprer\u00eb n\u00eb minut\u00ebn 90+4, te rezultati 1 : 1, regjistrohet me rezultatin zyzrtar 3 : 0 n\u00eb favor t\u00eb  FC Ballkani nga Suhareka.<\/p>\n<p>K\u00ebshtu \u00ebsht\u00eb vendimi i Komisionit t\u00eb Garave, i marr\u00eb sot, shkruan Gazeta Express.<\/p>\n<p>Pas k\u00ebtij vendimi, ka ardhur edhe reagimi i trajnerit t\u00eb Gjilanit, Ismet Munishi.<\/p>\n<p>Ai ndryshoi fotografin\u00eb e profilit, duke e vendosur portierin Enea Koli\u00e7i.<\/p>\n<p><a href=\"https:\/\/radiostargjilan.com\/web\/wp-content\/uploads\/2022\/04\/60A265E3-6188-489D-91F4-DB41BCAB5000.png\"><img loading=\"lazy\" loading=\"lazy\" decoding=\"async\" src=\"https:\/\/radiostargjilan.com\/web\/wp-content\/uploads\/2022\/04\/60A265E3-6188-489D-91F4-DB41BCAB5000-300x227.png\" alt=\"\" width=\"300\" height=\"227\" class=\"alignnone size-medium wp-image-111075\" srcset=\"https:\/\/radiostargjilan.com\/web\/wp-content\/uploads\/2022\/04\/60A265E3-6188-489D-91F4-DB41BCAB5000-300x227.png 300w, https:\/\/radiostargjilan.com\/web\/wp-content\/uploads\/2022\/04\/60A265E3-6188-489D-91F4-DB41BCAB5000.png 670w\" sizes=\"auto, (max-width: 300px) 100vw, 300px\" \/><\/a><\/p>\n<p>N\u00eb sekondat e fundit t\u00eb ndeshjes, Enea Koli\u00e7i barazoi shifrat, kurse tifoz\u00ebt e Gjilanit u fut\u00ebn n\u00eb fush\u00eb, me \u00e7\u2019rast e sulmuan portierin e Ballkanit, Stivi Frash\u00ebri, duke e l\u00ebn\u00eb pa ndjenja.<\/p>\n","protected":false},"excerpt":{"rendered":"<p>Ndeshja e jav\u00ebs s\u00eb 27-t\u00eb e zhvilluar n\u00eb Gjilan me dat\u00ebn 03.04.2022, n\u00eb mes t\u00eb SC Gjilani \u2013 FC Ballkani, e nd\u00ebrprer\u00eb n\u00eb minut\u00ebn 90+4, te rezultati 1 : 1, regjistrohet me rezultatin zyzrtar 3 : 0 n\u00eb favor t\u00eb FC Ballkani nga Suhareka. K\u00ebshtu \u00ebsht\u00eb vendimi i Komisionit t\u00eb Garave, i marr\u00eb sot, shkruan [&hellip;]<\/p>\n","protected":false},"author":1,"featured_media":111076,"comment_status":"closed","ping_status":"closed","sticky":false,"template":"","format":"standard","meta":{"footnotes":""},"categories":[7],"tags":[],"class_list":{"0":"post-111074","1":"post","2":"type-post","3":"status-publish","4":"format-standard","5":"has-post-thumbnail","7":"category-sports"},"_links":{"self":[{"href":"https:\/\/radiostargjilan.com\/web\/wp-json\/wp\/v2\/posts\/111074","targetHints":{"allow":["GET"]}}],"collection":[{"href":"https:\/\/radiostargjilan.com\/web\/wp-json\/wp\/v2\/posts"}],"about":[{"href":"https:\/\/radiostargjilan.com\/web\/wp-json\/wp\/v2\/types\/post"}],"author":[{"embeddable":true,"href":"https:\/\/radiostargjilan.com\/web\/wp-json\/wp\/v2\/users\/1"}],"replies":[{"embeddable":true,"href":"https:\/\/radiostargjilan.com\/web\/wp-json\/wp\/v2\/comments?post=111074"}],"version-history":[{"count":0,"href":"https:\/\/radiostargjilan.com\/web\/wp-json\/wp\/v2\/posts\/111074\/revisions"}],"wp:featuredmedia":[{"embeddable":true,"href":"https:\/\/radiostargjilan.com\/web\/wp-json\/wp\/v2\/media\/111076"}],"wp:attachment":[{"href":"https:\/\/radiostargjilan.com\/web\/wp-json\/wp\/v2\/media?parent=111074"}],"wp:term":[{"taxonomy":"category","embeddable":true,"href":"https:\/\/radiostargjilan.com\/web\/wp-json\/wp\/v2\/categories?post=111074"},{"taxonomy":"post_tag","embeddable":true,"href":"https:\/\/radiostargjilan.com\/web\/wp-json\/wp\/v2\/tags?post=111074"}],"curies":[{"name":"wp","href":"https:\/\/api.w.org\/{rel}","templated":true}]}}