{"id":111229,"date":"2022-04-07T22:17:38","date_gmt":"2022-04-07T20:17:38","guid":{"rendered":"https:\/\/radiostargjilan.com\/web\/?p=111229"},"modified":"2022-04-07T22:20:11","modified_gmt":"2022-04-07T20:20:11","slug":"analisti-mushkolaj-ose-rritni-rrogat-ose-lejoni-njerezit-ti-terheqin-paret-e-veta-nga-trusti","status":"publish","type":"post","link":"https:\/\/radiostargjilan.com\/web\/analisti-mushkolaj-ose-rritni-rrogat-ose-lejoni-njerezit-ti-terheqin-paret-e-veta-nga-trusti\/","title":{"rendered":"Analisti Mushkolaj: Ose rritni rrogat ose lejoni njer\u00ebzit t&#8217;i t\u00ebrheqin paret e veta nga Trusti"},"content":{"rendered":"<p>Rreth t\u00ebrheqjes s\u00eb parave nga Trusti, ka reaguar edhe analisti Imer Mushkolaj.<\/p>\n<p>Mushkolaj i \u00ebsht\u00eb drejtuar Qeveris\u00eb p\u00ebrmes nj\u00eb shkrimi n\u00eb llogarin\u00eb e tij n\u00eb Facebook, shkruan Jepi z\u00eb.<\/p>\n<p>\u201cOse rritni rrogat, ose lejoni njer\u00ebzit t&#8217;i t\u00ebrheqin paret e veta nga Trusti. Qysh po mendon qeveria me jetu qytetar\u00ebt n\u00eb k\u00ebt\u00eb kriz\u00eb? Veproni, boll me arsyetime kot\u201d, ka shkruar Mushkolaj. <\/p>\n<p>Kujtojm\u00eb se qytetar\u00ebt jan\u00eb shprehur pro t\u00ebrheqjes s\u00eb k\u00ebtyre mjeteve.<\/p>\n","protected":false},"excerpt":{"rendered":"<p>Rreth t\u00ebrheqjes s\u00eb parave nga Trusti, ka reaguar edhe analisti Imer Mushkolaj. Mushkolaj i \u00ebsht\u00eb drejtuar Qeveris\u00eb p\u00ebrmes nj\u00eb shkrimi n\u00eb llogarin\u00eb e tij n\u00eb Facebook, shkruan Jepi z\u00eb. \u201cOse rritni rrogat, ose lejoni njer\u00ebzit t&#8217;i t\u00ebrheqin paret e veta nga Trusti. Qysh po mendon qeveria me jetu qytetar\u00ebt n\u00eb k\u00ebt\u00eb kriz\u00eb? Veproni, boll me [&hellip;]<\/p>\n","protected":false},"author":1,"featured_media":111235,"comment_status":"closed","ping_status":"closed","sticky":false,"template":"","format":"standard","meta":{"footnotes":""},"categories":[6],"tags":[],"class_list":{"0":"post-111229","1":"post","2":"type-post","3":"status-publish","4":"format-standard","5":"has-post-thumbnail","7":"category-opinion"},"_links":{"self":[{"href":"https:\/\/radiostargjilan.com\/web\/wp-json\/wp\/v2\/posts\/111229","targetHints":{"allow":["GET"]}}],"collection":[{"href":"https:\/\/radiostargjilan.com\/web\/wp-json\/wp\/v2\/posts"}],"about":[{"href":"https:\/\/radiostargjilan.com\/web\/wp-json\/wp\/v2\/types\/post"}],"author":[{"embeddable":true,"href":"https:\/\/radiostargjilan.com\/web\/wp-json\/wp\/v2\/users\/1"}],"replies":[{"embeddable":true,"href":"https:\/\/radiostargjilan.com\/web\/wp-json\/wp\/v2\/comments?post=111229"}],"version-history":[{"count":0,"href":"https:\/\/radiostargjilan.com\/web\/wp-json\/wp\/v2\/posts\/111229\/revisions"}],"wp:featuredmedia":[{"embeddable":true,"href":"https:\/\/radiostargjilan.com\/web\/wp-json\/wp\/v2\/media\/111235"}],"wp:attachment":[{"href":"https:\/\/radiostargjilan.com\/web\/wp-json\/wp\/v2\/media?parent=111229"}],"wp:term":[{"taxonomy":"category","embeddable":true,"href":"https:\/\/radiostargjilan.com\/web\/wp-json\/wp\/v2\/categories?post=111229"},{"taxonomy":"post_tag","embeddable":true,"href":"https:\/\/radiostargjilan.com\/web\/wp-json\/wp\/v2\/tags?post=111229"}],"curies":[{"name":"wp","href":"https:\/\/api.w.org\/{rel}","templated":true}]}}