{"id":111246,"date":"2022-04-08T00:13:34","date_gmt":"2022-04-07T22:13:34","guid":{"rendered":"https:\/\/radiostargjilan.com\/web\/?p=111246"},"modified":"2022-04-08T00:13:34","modified_gmt":"2022-04-07T22:13:34","slug":"ministrja-e-drejtesise-albulena-haxhiu-mori-pjese-ne-forumin-regjional-lufta-kunder-korrupsionit-ballkani-perendimor-ne-fokus","status":"publish","type":"post","link":"https:\/\/radiostargjilan.com\/web\/ministrja-e-drejtesise-albulena-haxhiu-mori-pjese-ne-forumin-regjional-lufta-kunder-korrupsionit-ballkani-perendimor-ne-fokus\/","title":{"rendered":"Ministrja e Drejt\u00ebsis\u00eb, Albulena Haxhiu mori pjes\u00eb n\u00eb forumin regjional \u201cLufta kund\u00ebr Korrupsionit \u2013 Ballkani Per\u00ebndimor n\u00eb Fokus\u201d"},"content":{"rendered":"<p>Lufta kund\u00ebr Korrupsionit, ishte tema e forumit t\u00eb sot\u00ebm me p\u00ebrfaq\u00ebsuesit e vendeve t\u00eb Ballkanit Per\u00ebndimor, pjes\u00eb e s\u00eb cil\u00ebs ka qen\u00eb edhe ministrja e Drejt\u00ebsis\u00eb, Albulena Haxhiu.<\/p>\n<p>Ministrja Haxhiu, n\u00eb fjal\u00ebn e saj ka vler\u00ebsuar r\u00ebnd\u00ebsin\u00eb e k\u00ebsaj ngjarje e cila do t\u00eb thelloj\u00eb m\u00eb tej bashk\u00ebpunimin n\u00eb mes t\u00eb vendeve t\u00eb Ballkanit Per\u00ebndimor, me fokus t\u00eb shtuar n\u00eb luft\u00ebn kund\u00ebr korrupsionit.<\/p>\n<p>Qeveria e Kosov\u00ebs, tha ministrja Haxhiu, mbetet e angazhuar p\u00ebr t\u00eb forcuar mekanizmat p\u00ebr parandalimin e korrupsionit n\u00eb t\u00eb gjitha fushat dhe nj\u00ebherit duke marr\u00eb masa t\u00eb reja p\u00ebr arritjen e rezultateve n\u00eb luftimin e korrupsionit, realizimi i t\u00eb cilave po b\u00ebhet me nj\u00eb angazhim t\u00eb shtuar t\u00eb institucioneve t\u00eb vendit, e ve\u00e7an\u00ebrisht Ministris\u00eb s\u00eb Drejt\u00ebsis\u00eb.<\/p>\n<p>Haxhiu, para t\u00eb pranishm\u00ebve ka folur p\u00ebr angazhimet e shum\u00ebfishta t\u00eb Ministris\u00eb s\u00eb Drejt\u00ebsis\u00eb n\u00eb reform\u00ebn n\u00eb drejt\u00ebsi, p\u00ebrfshir\u00eb edhe masat p\u00ebr arritjen e rezultateve p\u00ebr luftimin e korrupsioni n\u00eb vend.<\/p>\n<p>Nd\u00ebr t\u00eb tjera, ministrja Haxhiu theksoi se Strategjia p\u00ebr Sundimin e Ligjit, Vetingu n\u00eb Sistemin e Drejt\u00ebsis\u00eb, pastaj Konfiskimi Civil dhe Rregullorja p\u00ebr pranimin dhe trajtimin e rasteve t\u00eb Sinjalizimit jan\u00eb disa nga zotimet e p\u00ebrmbushura dhe t\u00eb cilat vazhdojn\u00eb t\u00eb jet\u00ebsohen tutje.<\/p>\n<p>Nga prioritetet kryesore, ministrja Haxhiu ka p\u00ebrmendur Vetingun n\u00eb sistemin e drejt\u00ebsis\u00eb, me \u00e7\u2019rast i njoftoi t\u00eb pranishmit se Koncept-dokumenti bashk\u00eb me amandamentet kushtetuese,  jan\u00eb d\u00ebrguar p\u00ebr opinion n\u00eb Komisionin e Venecias.<br \/>\n\u201cP\u00ebrmes Vetingut n\u00eb Sistemin e Drejt\u00ebsis\u00eb, si Qeveri synojm\u00eb q\u00eb t\u00eb arrijm\u00eb t\u00eb kemi nj\u00eb sistem t\u00eb pa korruptuar, me integritet moral e profesional, t\u00eb drejt\u00eb dhe t\u00eb guximsh\u00ebm e t\u00eb pa kompromis n\u00eb luft\u00ebn kund\u00ebr krimit dhe korrupsionit\u201d tha Haxhiu.<\/p>\n<p>N\u00eb t\u00eb nj\u00ebjt\u00ebn koh\u00eb, tha Haxhiu, Ministria e Drejt\u00ebsis\u00eb ka p\u00ebrgatitur Projektligjin p\u00ebr Byron\u00eb p\u00ebr Verifikimin dhe Konfiskimin e Pasuris\u00eb s\u00eb Pajustifikuar, nism\u00eb kjo e cila do t\u00eb kontribuoj luft\u00ebs s\u00eb p\u00ebrbashk\u00ebt kund\u00ebr-korrupsion. Haxhiu gjat\u00eb fjalimit t\u00eb saj ka p\u00ebrmendur edhe Rregulloren p\u00ebr pranimin dhe trajtimin e rasteve t\u00eb sinjalizimit t\u00eb  miratuar nga Qeveria e Republik\u00ebs s\u00eb Kosov\u00ebs si dhe ka theksuar r\u00ebnd\u00ebsin\u00eb e miratimit t\u00eb Projektligjit p\u00ebr Sanksionet e Sh\u00ebnjestruara kund\u00ebr shkel\u00ebsve t\u00eb huaj t\u00eb t\u00eb drejtave t\u00eb njeriut, i njohur ndryshe edhe si Magnitsky Act.<br \/>\n\u201cMinistria e Drejt\u00ebsis\u00eb \u00ebsht\u00eb af\u00ebr finalizimit t\u00eb k\u00ebtij Projektligji, dhe si \u00eb till\u00eb \u00ebsht\u00eb e para n\u00eb rajon e cila miraton k\u00ebt\u00eb akt \u2013 nism\u00eb kjo me efekte globale anti-korrupsion. Ky akt ka p\u00ebr q\u00ebllim mb\u00ebshtetjen e demokracis\u00eb, sundimit t\u00eb ligjit, respektimit t\u00eb t\u00eb drejtave t\u00eb njeriut dhe parimeve t\u00eb s\u00eb drejt\u00ebs nd\u00ebrkomb\u00ebtare\u201d tha Haxhiu.<\/p>\n<p>Ministrja Haxhiu tha se, lufta e pa kompromis kund\u00ebr korrupsion, me p\u00ebrkushtimin e vazhduesh\u00ebm t\u00eb Qeveris\u00eb s\u00eb Kosov\u00ebs p\u00ebr t\u00eb b\u00ebr\u00eb reformat n\u00eb drejt\u00ebsi dhe zhvillim ekonomik, ka b\u00ebr\u00eb q\u00eb Kosova t\u00eb ket\u00eb progres n\u00eb indekset nd\u00ebrkomb\u00ebtare anti-korrupsion dhe at\u00eb t\u00eb sundimit t\u00eb ligjit.<\/p>\n<p>Qeveria e Republik\u00ebs s\u00eb Kosov\u00ebs, tha ministrja Haxhiu,  mbetet e p\u00ebrkushtuar n\u00eb luft\u00ebn kund\u00ebr-korrupsion dhe n\u00eb p\u00ebrmbushjen e zotimeve t\u00eb tilla q\u00eb rrjedhin nga Samiti p\u00ebr Demokraci dhe Procesi i Berlinit.<\/p>\n<p>N\u00eb fund t\u00eb fjal\u00ebs s\u00eb saj, ministrja Haxhiu ka vler\u00ebsuar rolin e k\u00ebtij forumi n\u00eb thellimin e bashk\u00ebpunimit dhe shk\u00ebmbimin e p\u00ebrvojave me q\u00ebllim t\u00eb adresimit sa m\u00eb t\u00eb mir\u00eb t\u00eb problemeve t\u00eb p\u00ebrbashk\u00ebta n\u00eb luft\u00ebn kund\u00ebr korrupsionit, e cila, tha ajo, do t\u2019i kontribuoj\u00eb efikasitetit dhe llogaridh\u00ebnies s\u00eb institucioneve t\u00eb drejt\u00ebsis\u00eb dhe do t\u00eb reflektonte n\u00eb nj\u00eb jet\u00eb m\u00eb t\u00eb mir\u00eb p\u00ebr qytetaret tan\u00eb.<\/p>\n","protected":false},"excerpt":{"rendered":"<p>Lufta kund\u00ebr Korrupsionit, ishte tema e forumit t\u00eb sot\u00ebm me p\u00ebrfaq\u00ebsuesit e vendeve t\u00eb Ballkanit Per\u00ebndimor, pjes\u00eb e s\u00eb cil\u00ebs ka qen\u00eb edhe ministrja e Drejt\u00ebsis\u00eb, Albulena Haxhiu. Ministrja Haxhiu, n\u00eb fjal\u00ebn e saj ka vler\u00ebsuar r\u00ebnd\u00ebsin\u00eb e k\u00ebsaj ngjarje e cila do t\u00eb thelloj\u00eb m\u00eb tej bashk\u00ebpunimin n\u00eb mes t\u00eb vendeve t\u00eb Ballkanit Per\u00ebndimor, [&hellip;]<\/p>\n","protected":false},"author":1,"featured_media":111247,"comment_status":"closed","ping_status":"closed","sticky":false,"template":"","format":"standard","meta":{"footnotes":""},"categories":[5],"tags":[],"class_list":{"0":"post-111246","1":"post","2":"type-post","3":"status-publish","4":"format-standard","5":"has-post-thumbnail","7":"category-lajme"},"_links":{"self":[{"href":"https:\/\/radiostargjilan.com\/web\/wp-json\/wp\/v2\/posts\/111246","targetHints":{"allow":["GET"]}}],"collection":[{"href":"https:\/\/radiostargjilan.com\/web\/wp-json\/wp\/v2\/posts"}],"about":[{"href":"https:\/\/radiostargjilan.com\/web\/wp-json\/wp\/v2\/types\/post"}],"author":[{"embeddable":true,"href":"https:\/\/radiostargjilan.com\/web\/wp-json\/wp\/v2\/users\/1"}],"replies":[{"embeddable":true,"href":"https:\/\/radiostargjilan.com\/web\/wp-json\/wp\/v2\/comments?post=111246"}],"version-history":[{"count":0,"href":"https:\/\/radiostargjilan.com\/web\/wp-json\/wp\/v2\/posts\/111246\/revisions"}],"wp:featuredmedia":[{"embeddable":true,"href":"https:\/\/radiostargjilan.com\/web\/wp-json\/wp\/v2\/media\/111247"}],"wp:attachment":[{"href":"https:\/\/radiostargjilan.com\/web\/wp-json\/wp\/v2\/media?parent=111246"}],"wp:term":[{"taxonomy":"category","embeddable":true,"href":"https:\/\/radiostargjilan.com\/web\/wp-json\/wp\/v2\/categories?post=111246"},{"taxonomy":"post_tag","embeddable":true,"href":"https:\/\/radiostargjilan.com\/web\/wp-json\/wp\/v2\/tags?post=111246"}],"curies":[{"name":"wp","href":"https:\/\/api.w.org\/{rel}","templated":true}]}}