{"id":111294,"date":"2022-04-08T12:59:10","date_gmt":"2022-04-08T10:59:10","guid":{"rendered":"https:\/\/radiostargjilan.com\/web\/?p=111294"},"modified":"2022-04-08T12:59:10","modified_gmt":"2022-04-08T10:59:10","slug":"era-shtet-numer-i-madh-policeve-te-kosoves-dhe-shqiperise-arrestohen-ne-piken-kufitare","status":"publish","type":"post","link":"https:\/\/radiostargjilan.com\/web\/era-shtet-numer-i-madh-policeve-te-kosoves-dhe-shqiperise-arrestohen-ne-piken-kufitare\/","title":{"rendered":"\u201cEra shtet\u201d, num\u00ebr i madh polic\u00ebve t\u00eb Kosov\u00ebs dhe Shqip\u00ebris\u00eb arrestohen n\u00eb pik\u00ebn kufitare"},"content":{"rendered":"<p>N\u00eb V\u00ebrmic\u00eb kan\u00eb nisur arrestimet e disa zyrtar\u00ebve policor\u00eb, atje ku Inspektorati Policor i Kosov\u00ebs dhe Prokuroria Speciale n\u00eb bashk\u00ebpunim me autoritetet e Shqip\u00ebris\u00eb jan\u00eb duke zhvilluar nj\u00eb aksion.<\/p>\n<p>Merret vesh nga burime e express se disa nga polic\u00ebt q\u00eb kan\u00eb qen\u00eb n\u00eb nd\u00ebrrim n\u00eb pik\u00ebn kufiatare n\u00eb V\u00ebrmic\u00eb jan\u00eb arrestuar dhe se t\u00eb nj\u00ebjtit jan\u00eb z\u00ebv\u00ebnd\u00ebsuar m\u00eb polic\u00eb t\u00eb tjer\u00eb.<\/p>\n<p>Ndryshe, Inspektorati Policor t\u00eb Kosov\u00ebs dhe Prokuroria Speciale n\u00eb bashk\u00ebpunim me autoritetet e Shqip\u00ebris\u00eb jan\u00eb duke vazhduar aksionin \u201cPika\u201d, q\u00eb para disa jav\u00ebsh p\u00ebrfundoi me arrestimin e mbi 50 zyrtar\u00ebve policor\u00eb.<\/p>\n<p>Atje pritet t\u00eb arrestohen rreth 20 polic\u00eb t\u00eb Kosov\u00ebs dhe 40 t\u00eb Shqip\u00ebris\u00eb.<\/p>\n<p>Ata dyshohen p\u00ebr veprat penale \u201cmarrje e ryshfetit\u201d dhe \u201ckeqp\u00ebrdorim i pozit\u00ebs apo autoritetit zyrtar\u201d<\/p>\n","protected":false},"excerpt":{"rendered":"<p>N\u00eb V\u00ebrmic\u00eb kan\u00eb nisur arrestimet e disa zyrtar\u00ebve policor\u00eb, atje ku Inspektorati Policor i Kosov\u00ebs dhe Prokuroria Speciale n\u00eb bashk\u00ebpunim me autoritetet e Shqip\u00ebris\u00eb jan\u00eb duke zhvilluar nj\u00eb aksion. Merret vesh nga burime e express se disa nga polic\u00ebt q\u00eb kan\u00eb qen\u00eb n\u00eb nd\u00ebrrim n\u00eb pik\u00ebn kufiatare n\u00eb V\u00ebrmic\u00eb jan\u00eb arrestuar dhe se t\u00eb nj\u00ebjtit [&hellip;]<\/p>\n","protected":false},"author":1,"featured_media":111295,"comment_status":"closed","ping_status":"closed","sticky":false,"template":"","format":"standard","meta":{"footnotes":""},"categories":[5],"tags":[],"class_list":{"0":"post-111294","1":"post","2":"type-post","3":"status-publish","4":"format-standard","5":"has-post-thumbnail","7":"category-lajme"},"_links":{"self":[{"href":"https:\/\/radiostargjilan.com\/web\/wp-json\/wp\/v2\/posts\/111294","targetHints":{"allow":["GET"]}}],"collection":[{"href":"https:\/\/radiostargjilan.com\/web\/wp-json\/wp\/v2\/posts"}],"about":[{"href":"https:\/\/radiostargjilan.com\/web\/wp-json\/wp\/v2\/types\/post"}],"author":[{"embeddable":true,"href":"https:\/\/radiostargjilan.com\/web\/wp-json\/wp\/v2\/users\/1"}],"replies":[{"embeddable":true,"href":"https:\/\/radiostargjilan.com\/web\/wp-json\/wp\/v2\/comments?post=111294"}],"version-history":[{"count":0,"href":"https:\/\/radiostargjilan.com\/web\/wp-json\/wp\/v2\/posts\/111294\/revisions"}],"wp:featuredmedia":[{"embeddable":true,"href":"https:\/\/radiostargjilan.com\/web\/wp-json\/wp\/v2\/media\/111295"}],"wp:attachment":[{"href":"https:\/\/radiostargjilan.com\/web\/wp-json\/wp\/v2\/media?parent=111294"}],"wp:term":[{"taxonomy":"category","embeddable":true,"href":"https:\/\/radiostargjilan.com\/web\/wp-json\/wp\/v2\/categories?post=111294"},{"taxonomy":"post_tag","embeddable":true,"href":"https:\/\/radiostargjilan.com\/web\/wp-json\/wp\/v2\/tags?post=111294"}],"curies":[{"name":"wp","href":"https:\/\/api.w.org\/{rel}","templated":true}]}}