{"id":111610,"date":"2022-04-11T10:01:04","date_gmt":"2022-04-11T08:01:04","guid":{"rendered":"https:\/\/radiostargjilan.com\/web\/?p=111610"},"modified":"2022-04-11T10:01:04","modified_gmt":"2022-04-11T08:01:04","slug":"sokol-haliti-padit-zyrtaret-e-vetevendosjes-ua-kerkon-100-mije-euro-kompensim-demi-per-shpifje","status":"publish","type":"post","link":"https:\/\/radiostargjilan.com\/web\/sokol-haliti-padit-zyrtaret-e-vetevendosjes-ua-kerkon-100-mije-euro-kompensim-demi-per-shpifje\/","title":{"rendered":"Sokol Haliti  padit zyrtar\u00ebt e Vet\u00ebvendosjes, ua k\u00ebrkon 100 mij\u00eb euro kompensim d\u00ebmi p\u00ebr shpifje"},"content":{"rendered":"<p>Viti- Sokol Haliti, kryetar i Komun\u00ebs s\u00eb Vitis\u00eb, ka ushtruar padi ndaj deputetit t\u00eb L\u00ebvizjes Vet\u00ebvendosje, Nijazi Isaku, ish-kandidatit p\u00ebr kryetar t\u00eb Komun\u00ebs s\u00eb Vitis\u00eb nga radh\u00ebs e L\u00ebvizjes Vet\u00ebvendosje, Arsim Ademi si dhe ndaj zyrtarit t\u00eb k\u00ebsaj partie n\u00eb Viti, Bislim Bislimaj p\u00ebr shpifje q\u00eb pretendohet se \u00ebsht\u00eb b\u00ebr\u00eb ndaj tij gjat\u00eb koh\u00ebs s\u00eb zgjedhjeve lokale n\u00eb Viti.<\/p>\n<p>Sipas padis\u00eb s\u00eb 11 n\u00ebntorit 2021, t\u00eb siguruar nga \u201cBetimi p\u00ebr Drejt\u00ebsi\u201d, thuhet se t\u00eb paditurit Nijazi Isaku, Arsim Ademi dhe Bislim Bislimaj, n\u00eb konferencat p\u00ebr shtyp t\u00eb dh\u00ebna n\u00eb mediumin lokal \u201cPlus Television\u201d, n\u00eb Viti, me vet\u00ebdije t\u00eb plot\u00eb kishin dh\u00ebn\u00eb deklarat\u00eb me motive n\u00ebn\u00e7muese kund\u00ebr padit\u00ebsit Sokol Haliti dhe zyrtar\u00ebve tjer\u00eb komunal, duke p\u00ebrhapur deklarime t\u00eb pav\u00ebrteta dhe kan\u00eb tentuar t\u00eb d\u00ebmtojn\u00eb reputacionin e padit\u00ebsit.<\/p>\n<p>N\u00eb padi thuhet se, i padituri i par\u00eb Arsim Ademi n\u00eb cil\u00ebsin\u00eb e kandidatit p\u00ebr kryetar t\u00eb Komun\u00ebs s\u00eb Vitis\u00eb, nga L\u00ebvizja Vet\u00ebvendosje n\u00eb zgjedhjet lokale t\u00eb 2021-\u00ebs, me q\u00ebllim t\u00eb d\u00ebmtimit t\u00eb personalitetit, duke i b\u00ebr\u00eb linqim publik kryetarit t\u00eb Komun\u00ebs, tani padit\u00ebsit dhe zyrtar\u00ebve publik, n\u00eb televizionin lokal \u201cPlus Televizion\u201d, ka dh\u00ebn\u00eb deklarat\u00eb ku thekson se \u201cKemi nj\u00eb grup kriminal q\u00eb keqp\u00ebrdor\u00eb buxhetin e Komun\u00ebs s\u00eb Vitis\u00eb. Qytetar\u00ebt e Vitis\u00eb e kan\u00eb n\u00eb sy k\u00ebt\u00eb servil q\u00eb ju lepitet qytetarve  t\u00eb Vitis\u00eb me pun\u00eb t\u00eb vog\u00ebla kinse jam pran\u00eb juve, sa p\u00ebr sy e faqe, vet\u00ebm sa p\u00ebr t\u2019ua marr\u00eb vot\u00ebn dhe p\u00ebr vjedhur e pla\u00e7kitur n\u00eb em\u00ebr t\u00eb vot\u00ebs s\u00eb tyre\u201d.<\/p>\n<p>Tutje n\u00eb padi thuhet se, edhe deputeti i L\u00ebvizjes Vet\u00ebvendosje, Nijazi Isaku, n\u00eb konferenc\u00ebn p\u00ebr shtyp t\u00eb dh\u00ebn\u00eb n\u00eb mediumin lokal \u201cPlus Televizion\u201d, m\u00eb 7 n\u00ebntor 2021, n\u00eb po t\u00eb nj\u00ebjt\u00ebn form\u00eb ka shpifur dhe fyer kryetarin e Komun\u00ebs, Sokol Halitin si dhe zyrtar\u00ebt e tjer\u00eb t\u00eb Komun\u00ebs, duke ia m\u00ebveshur rastin e inskenuar lidhur me \u201cdhunimin e t\u00eb mitur\u00ebs\u201d.<\/p>\n<p>N\u00eb k\u00ebt\u00eb padi thuhet se edhe i padituri i tret\u00eb, Bislim Bislimaj, n\u00eb konferenc\u00ebn p\u00ebr media, ka akuzuar  n\u00eb m\u00ebnyr\u00eb jo njer\u00ebzore, duke e quajtur \u201cMonstrum\u201d, padit\u00ebsin Haliti dhe shefin e kabinetit t\u00eb tij, Jakup Haxhiun, duke th\u00ebn\u00eb \u201cT\u00eb nj\u00ebjtit e kan\u00eb vendin n\u00eb \u00e7mendin\u00eb dhe jo n\u00eb burg\u201d, kinse t\u00eb nj\u00ebjtit kan\u00eb t\u00eb b\u00ebjn\u00eb me inskenimin e rastit t\u00eb dhunimit t\u00eb t\u00eb mitur\u00ebs, t\u00eb cilat shpifje jan\u00eb t\u00eb pabaza dhe denigruese.<\/p>\n<p>Sipas padis\u00eb, k\u00ebto deklarata tani padit\u00ebsit i kan\u00eb shkaktuar d\u00ebme t\u00eb m\u00ebdha si n\u00eb em\u00ebr, ashtu edhe n\u00eb reputacionin e tij, i cili thuhet se e ka n\u00eb opinionin publik.<\/p>\n<p>Me an\u00eb t\u00eb k\u00ebsaj padie, kryetari Haliti po k\u00ebrkon nga gjykata q\u00eb t\u00eb aprovohet n\u00eb t\u00ebr\u00ebsi padia e tij dhe t\u00eb obligohen t\u00eb paditurit q\u00eb t\u2019ia kompensojn\u00eb shum\u00ebn prej 100 mij\u00eb euro.<\/p>\n<p>Po ashtu, me an\u00eb t\u00eb padis\u00eb ai po k\u00ebrkon q\u00eb t\u00eb obligohen t\u00eb paditurit q\u00eb t\u2019i k\u00ebrkojn\u00eb falje publike. \/Betimip\u00ebrDrejt\u00ebsi<\/p>\n","protected":false},"excerpt":{"rendered":"<p>Viti- Sokol Haliti, kryetar i Komun\u00ebs s\u00eb Vitis\u00eb, ka ushtruar padi ndaj deputetit t\u00eb L\u00ebvizjes Vet\u00ebvendosje, Nijazi Isaku, ish-kandidatit p\u00ebr kryetar t\u00eb Komun\u00ebs s\u00eb Vitis\u00eb nga radh\u00ebs e L\u00ebvizjes Vet\u00ebvendosje, Arsim Ademi si dhe ndaj zyrtarit t\u00eb k\u00ebsaj partie n\u00eb Viti, Bislim Bislimaj p\u00ebr shpifje q\u00eb pretendohet se \u00ebsht\u00eb b\u00ebr\u00eb ndaj tij gjat\u00eb koh\u00ebs s\u00eb [&hellip;]<\/p>\n","protected":false},"author":1,"featured_media":111611,"comment_status":"closed","ping_status":"closed","sticky":false,"template":"","format":"standard","meta":{"footnotes":""},"categories":[5],"tags":[],"class_list":{"0":"post-111610","1":"post","2":"type-post","3":"status-publish","4":"format-standard","5":"has-post-thumbnail","7":"category-lajme"},"_links":{"self":[{"href":"https:\/\/radiostargjilan.com\/web\/wp-json\/wp\/v2\/posts\/111610","targetHints":{"allow":["GET"]}}],"collection":[{"href":"https:\/\/radiostargjilan.com\/web\/wp-json\/wp\/v2\/posts"}],"about":[{"href":"https:\/\/radiostargjilan.com\/web\/wp-json\/wp\/v2\/types\/post"}],"author":[{"embeddable":true,"href":"https:\/\/radiostargjilan.com\/web\/wp-json\/wp\/v2\/users\/1"}],"replies":[{"embeddable":true,"href":"https:\/\/radiostargjilan.com\/web\/wp-json\/wp\/v2\/comments?post=111610"}],"version-history":[{"count":0,"href":"https:\/\/radiostargjilan.com\/web\/wp-json\/wp\/v2\/posts\/111610\/revisions"}],"wp:featuredmedia":[{"embeddable":true,"href":"https:\/\/radiostargjilan.com\/web\/wp-json\/wp\/v2\/media\/111611"}],"wp:attachment":[{"href":"https:\/\/radiostargjilan.com\/web\/wp-json\/wp\/v2\/media?parent=111610"}],"wp:term":[{"taxonomy":"category","embeddable":true,"href":"https:\/\/radiostargjilan.com\/web\/wp-json\/wp\/v2\/categories?post=111610"},{"taxonomy":"post_tag","embeddable":true,"href":"https:\/\/radiostargjilan.com\/web\/wp-json\/wp\/v2\/tags?post=111610"}],"curies":[{"name":"wp","href":"https:\/\/api.w.org\/{rel}","templated":true}]}}