{"id":111776,"date":"2022-04-12T17:53:04","date_gmt":"2022-04-12T15:53:04","guid":{"rendered":"https:\/\/radiostargjilan.com\/web\/?p=111776"},"modified":"2022-04-12T17:53:23","modified_gmt":"2022-04-12T15:53:23","slug":"eroll-salihu-dhe-drejtoret-sportiv-te-drites-dhe-drenices-perfundojne-ne-disiplinor-kjo-eshte-arsyeja","status":"publish","type":"post","link":"https:\/\/radiostargjilan.com\/web\/eroll-salihu-dhe-drejtoret-sportiv-te-drites-dhe-drenices-perfundojne-ne-disiplinor-kjo-eshte-arsyeja\/","title":{"rendered":"Eroll Salihu dhe drejtor\u00ebt sportiv t\u00eb Drit\u00ebs dhe Drenic\u00ebs p\u00ebrfundojn\u00eb n\u00eb disiplinor, kjo \u00ebsht\u00eb arsyeja"},"content":{"rendered":"<p>Komisioni i Garave i Superlig\u00ebs dhe Lig\u00ebs s\u00eb Par\u00eb  n\u00eb mbledhjen e mbajtur me dat\u00eb 12.04.2022, ka diskutuar p\u00ebr regjistrimin e ndeshjeve t\u00eb xhiros s\u00eb 28-t\u00eb t\u00eb BKT Superlig\u00ebs dhe t\u00eb xhiros s\u00eb 21-t\u00eb t\u00eb Viva Fresh Lig\u00ebs s\u00eb Par\u00eb, Grupi A dhe B.<\/p>\n<p>Pas shqyrtimit komplet t\u00eb materialit t\u00eb siguruar, \u00ebsht\u00eb inicuar procedur\u00eb disiplinore ndaj p\u00ebrfaq\u00ebsuesit t\u00eb lart\u00eb ligjor t\u00eb FFK-s\u00eb, Eroll Salihut, drejtorit sportiv t\u00eb Drit\u00ebs, Valon Zymberit e drejtorit sportiv t\u00eb Drenic\u00ebs, Taulant Dajakut, shkruan Gazeta Olle.<\/p>\n<p>Sipas njoftimit t\u00eb Federat\u00ebs, t\u00eb tre kan\u00eb akuzuar, dezinformuar dhe ofenduan organet e FFK-s\u00eb<\/p>\n<p>Vendimet e plota:<br \/>\n\u201cInicim disiplinor ndaj: P\u00ebrfaq\u00ebsuesit t\u00eb lart\u00eb ligjor t\u00eb FFK-s\u00eb, Eroll Salihu. MOTIVI: N\u00eb prononcimin p\u00ebr media shpif, n\u00ebn\u00e7mon, dezinformon dhe diskrediton organet e FFK-s\u00eb dhe ato t\u00eb UEFA-s. Sipas xhirimeve televizive\u201d.<\/p>\n<p>\u201cInicim disiplinor ndaj: Drejtorit sportiv t\u00eb FC \u201dDrita\u201d Valon Zymberi. MOTIVI: N\u00eb prononcimin p\u00ebr media akuzon, dezinformon dhe ofendon organet e FFK-s\u00eb. Sipas xhirimeve televizive\u201d.<\/p>\n<p>\u201cInicim disiplinor ndaj: Drejtorit sportiv t\u00eb FC \u201dDrenica\u201d, Taulant Dajaku. MOTIVI: N\u00eb prononcimin p\u00ebr media akuzon, dezinformon dhe ofendon organet e FFK-s\u00eb. Sipas xhirime televizive\u201d, thuhet n\u00eb njoftimin e FFK-s\u00eb.<\/p>\n","protected":false},"excerpt":{"rendered":"<p>Komisioni i Garave i Superlig\u00ebs dhe Lig\u00ebs s\u00eb Par\u00eb n\u00eb mbledhjen e mbajtur me dat\u00eb 12.04.2022, ka diskutuar p\u00ebr regjistrimin e ndeshjeve t\u00eb xhiros s\u00eb 28-t\u00eb t\u00eb BKT Superlig\u00ebs dhe t\u00eb xhiros s\u00eb 21-t\u00eb t\u00eb Viva Fresh Lig\u00ebs s\u00eb Par\u00eb, Grupi A dhe B. Pas shqyrtimit komplet t\u00eb materialit t\u00eb siguruar, \u00ebsht\u00eb inicuar procedur\u00eb disiplinore [&hellip;]<\/p>\n","protected":false},"author":1,"featured_media":111777,"comment_status":"closed","ping_status":"closed","sticky":false,"template":"","format":"standard","meta":{"footnotes":""},"categories":[7],"tags":[],"class_list":{"0":"post-111776","1":"post","2":"type-post","3":"status-publish","4":"format-standard","5":"has-post-thumbnail","7":"category-sports"},"_links":{"self":[{"href":"https:\/\/radiostargjilan.com\/web\/wp-json\/wp\/v2\/posts\/111776","targetHints":{"allow":["GET"]}}],"collection":[{"href":"https:\/\/radiostargjilan.com\/web\/wp-json\/wp\/v2\/posts"}],"about":[{"href":"https:\/\/radiostargjilan.com\/web\/wp-json\/wp\/v2\/types\/post"}],"author":[{"embeddable":true,"href":"https:\/\/radiostargjilan.com\/web\/wp-json\/wp\/v2\/users\/1"}],"replies":[{"embeddable":true,"href":"https:\/\/radiostargjilan.com\/web\/wp-json\/wp\/v2\/comments?post=111776"}],"version-history":[{"count":0,"href":"https:\/\/radiostargjilan.com\/web\/wp-json\/wp\/v2\/posts\/111776\/revisions"}],"wp:featuredmedia":[{"embeddable":true,"href":"https:\/\/radiostargjilan.com\/web\/wp-json\/wp\/v2\/media\/111777"}],"wp:attachment":[{"href":"https:\/\/radiostargjilan.com\/web\/wp-json\/wp\/v2\/media?parent=111776"}],"wp:term":[{"taxonomy":"category","embeddable":true,"href":"https:\/\/radiostargjilan.com\/web\/wp-json\/wp\/v2\/categories?post=111776"},{"taxonomy":"post_tag","embeddable":true,"href":"https:\/\/radiostargjilan.com\/web\/wp-json\/wp\/v2\/tags?post=111776"}],"curies":[{"name":"wp","href":"https:\/\/api.w.org\/{rel}","templated":true}]}}