{"id":112596,"date":"2022-04-20T14:32:30","date_gmt":"2022-04-20T12:32:30","guid":{"rendered":"https:\/\/radiostargjilan.com\/web\/?p=112596"},"modified":"2022-04-20T14:32:30","modified_gmt":"2022-04-20T12:32:30","slug":"gjykata-e-denon-me-pese-mije-euro-zyrtarin-e-komunes-se-kllokotit","status":"publish","type":"post","link":"https:\/\/radiostargjilan.com\/web\/gjykata-e-denon-me-pese-mije-euro-zyrtarin-e-komunes-se-kllokotit\/","title":{"rendered":"Gjykata e d\u00ebnon me pes\u00eb mij\u00eb euro zyrtarin e Komun\u00ebs s\u00eb Kllokotit"},"content":{"rendered":"<p>Gjykata Themelore n\u00eb Gjilan ka shpall aktgjykim d\u00ebnues ndaj t\u00eb akuzuarit A. E.. <\/p>\n<p>I akuzuari n\u00eb muajin janar t\u00eb vitit 2018, n\u00eb fshatin Pozhoran, Komuna e Vitis\u00eb, si person zyrtar &#8211; k\u00ebshilltar i Kryetarit t\u00eb Komun\u00ebs s\u00eb Kllokotit, duke shfryt\u00ebzuar pozit\u00ebn e tij zyrtare me q\u00ebllim t\u00eb p\u00ebrfitimit t\u00eb kund\u00ebrligjsh\u00ebm pasuror p\u00ebr vete dhe Komun\u00ebn e Kllokotit dhe shkaktimit t\u00eb d\u00ebmit operatorit ekonomik \u201cNTP Blina\u201d, ka tejkaluar kompetencat e tij zyrtare, n\u00eb at\u00eb m\u00ebnyr\u00eb q\u00eb shkon tek operatori n\u00eb fjal\u00eb dhe k\u00ebrkon inventar p\u00ebr objektin e Komun\u00ebs s\u00eb Kllokotit dhe me t\u00eb nj\u00ebjtin arrin marr\u00ebveshje verbale dhe i premton se me von\u00eb do t\u00eb zbatohen procedurat ligjore dhe do t\u00eb b\u00ebhet pagesa nga komuna, t\u00eb cilin inventar e vendos n\u00eb objektin e ri t\u00eb komun\u00ebs, nd\u00ebrsa komuna nuk e kryen obligimin pasi q\u00eb nuk jan\u00eb p\u00ebrfillur procedurat e prokurimit dhe kjo pages\u00eb nuk \u00ebsht\u00eb kryer, me k\u00ebt\u00eb i \u00ebsht\u00eb shkaktuar d\u00ebm operatorit ekonomik n\u00eb vler\u00eb 4.460 Euro. <\/p>\n<p>Me k\u00ebto veprime, i akuzuari A. E. ka kryer vepr\u00ebn penale keqp\u00ebrdorimi i pozit\u00ebs dhe autoritetit zyrtar, vep\u00ebr e sanksionuar me Kodin Penal t\u00eb Republik\u00ebs s\u00eb Kosov\u00ebs (KPRK). <\/p>\n<p>Trupi gjykues pas shtjellimit t\u00eb gjitha provave dhe d\u00ebgjimit t\u00eb d\u00ebshmitar\u00ebve t\u00eb akuzuarin e shpall fajtor dhe e d\u00ebnon n\u00eb koh\u00ebzgjatje prej 180 (nj\u00ebqind e tet\u00ebdhjet\u00eb) dit\u00eb burgim. <\/p>\n<p>Me propozim t\u00eb akuzuarit, d\u00ebnimi i shqiptuar me burgim i z\u00ebvend\u00ebsohet n\u00eb d\u00ebnim me gjob\u00eb n\u00eb shum\u00ebn prej 5.000 (pes\u00eb mij\u00eb) Euro. <\/p>\n<p>Pal\u00ebt e pak\u00ebnaqura kan\u00eb t\u00eb drejt ankese kund\u00ebr k\u00ebtij aktgjykimi n\u00eb Gjykat\u00ebn e Apelit.<\/p>\n","protected":false},"excerpt":{"rendered":"<p>Gjykata Themelore n\u00eb Gjilan ka shpall aktgjykim d\u00ebnues ndaj t\u00eb akuzuarit A. E.. I akuzuari n\u00eb muajin janar t\u00eb vitit 2018, n\u00eb fshatin Pozhoran, Komuna e Vitis\u00eb, si person zyrtar &#8211; k\u00ebshilltar i Kryetarit t\u00eb Komun\u00ebs s\u00eb Kllokotit, duke shfryt\u00ebzuar pozit\u00ebn e tij zyrtare me q\u00ebllim t\u00eb p\u00ebrfitimit t\u00eb kund\u00ebrligjsh\u00ebm pasuror p\u00ebr vete dhe Komun\u00ebn [&hellip;]<\/p>\n","protected":false},"author":1,"featured_media":112597,"comment_status":"closed","ping_status":"closed","sticky":false,"template":"","format":"standard","meta":{"footnotes":""},"categories":[5],"tags":[],"class_list":{"0":"post-112596","1":"post","2":"type-post","3":"status-publish","4":"format-standard","5":"has-post-thumbnail","7":"category-lajme"},"_links":{"self":[{"href":"https:\/\/radiostargjilan.com\/web\/wp-json\/wp\/v2\/posts\/112596","targetHints":{"allow":["GET"]}}],"collection":[{"href":"https:\/\/radiostargjilan.com\/web\/wp-json\/wp\/v2\/posts"}],"about":[{"href":"https:\/\/radiostargjilan.com\/web\/wp-json\/wp\/v2\/types\/post"}],"author":[{"embeddable":true,"href":"https:\/\/radiostargjilan.com\/web\/wp-json\/wp\/v2\/users\/1"}],"replies":[{"embeddable":true,"href":"https:\/\/radiostargjilan.com\/web\/wp-json\/wp\/v2\/comments?post=112596"}],"version-history":[{"count":0,"href":"https:\/\/radiostargjilan.com\/web\/wp-json\/wp\/v2\/posts\/112596\/revisions"}],"wp:featuredmedia":[{"embeddable":true,"href":"https:\/\/radiostargjilan.com\/web\/wp-json\/wp\/v2\/media\/112597"}],"wp:attachment":[{"href":"https:\/\/radiostargjilan.com\/web\/wp-json\/wp\/v2\/media?parent=112596"}],"wp:term":[{"taxonomy":"category","embeddable":true,"href":"https:\/\/radiostargjilan.com\/web\/wp-json\/wp\/v2\/categories?post=112596"},{"taxonomy":"post_tag","embeddable":true,"href":"https:\/\/radiostargjilan.com\/web\/wp-json\/wp\/v2\/tags?post=112596"}],"curies":[{"name":"wp","href":"https:\/\/api.w.org\/{rel}","templated":true}]}}