{"id":112833,"date":"2022-04-22T09:06:17","date_gmt":"2022-04-22T07:06:17","guid":{"rendered":"https:\/\/radiostargjilan.com\/web\/?p=112833"},"modified":"2022-04-22T09:06:17","modified_gmt":"2022-04-22T07:06:17","slug":"pdk-dorezon-sot-kallezim-penal-ndaj-anetareve-te-bordit-te-zrre-se","status":"publish","type":"post","link":"https:\/\/radiostargjilan.com\/web\/pdk-dorezon-sot-kallezim-penal-ndaj-anetareve-te-bordit-te-zrre-se\/","title":{"rendered":"PDK dor\u00ebzon sot kall\u00ebzim penal ndaj an\u00ebtar\u00ebve t\u00eb Bordit t\u00eb ZRRE-s\u00eb"},"content":{"rendered":"<p>P\u00ebrfaq\u00ebsues t\u00eb Partis\u00eb Demokratike t\u00eb Kosov\u00ebs, do t\u00eb dor\u00ebzojn\u00eb sot n\u00eb ora 11:00 n\u00eb Prokurorin\u00eb Speciale t\u00eb Republik\u00ebs s\u00eb Kosov\u00ebs, kall\u00ebzim penal ndaj an\u00ebtar\u00ebve t\u00eb Bordit t\u00eb Zyr\u00ebs s\u00eb Rregullatorit p\u00ebr Energji.<\/p>\n<p>Kjo p\u00ebr moszbatim t\u00eb aktvendimit t\u00eb Gjykat\u00ebs Themelore n\u00eb Prishtin\u00eb, p\u00ebr shtyrjen, p\u00ebrkat\u00ebsisht pezullimin e zbatimit t\u00eb vendimit nr. 077\/22 t\u00eb ZRRE-s\u00eb p\u00ebr shtrenjtimin energjis\u00eb p\u00ebr qytetar\u00ebt e Republik\u00ebs s\u00eb Kosov\u00ebs.<\/p>\n<p>Jav\u00eb m\u00eb par\u00eb, Gjykata Themelore e Prishtin\u00ebs vendosi mas\u00eb t\u00eb p\u00ebrkohshme pezullimin e zbatimit t\u00eb vendimit t\u00eb ZRrE-s\u00eb pas ankes\u00ebs s\u00eb PDK.<\/p>\n<p>K\u00ebta t\u00eb fundit n\u00eb vazhdim\u00ebsi i kan\u00eb b\u00ebr\u00eb thirrje Zyr\u00ebs s\u00eb Rregullatorit q\u00eb t\u00eb zbatojn\u00eb vendimin e gjykat\u00ebs.<\/p>\n","protected":false},"excerpt":{"rendered":"<p>P\u00ebrfaq\u00ebsues t\u00eb Partis\u00eb Demokratike t\u00eb Kosov\u00ebs, do t\u00eb dor\u00ebzojn\u00eb sot n\u00eb ora 11:00 n\u00eb Prokurorin\u00eb Speciale t\u00eb Republik\u00ebs s\u00eb Kosov\u00ebs, kall\u00ebzim penal ndaj an\u00ebtar\u00ebve t\u00eb Bordit t\u00eb Zyr\u00ebs s\u00eb Rregullatorit p\u00ebr Energji. Kjo p\u00ebr moszbatim t\u00eb aktvendimit t\u00eb Gjykat\u00ebs Themelore n\u00eb Prishtin\u00eb, p\u00ebr shtyrjen, p\u00ebrkat\u00ebsisht pezullimin e zbatimit t\u00eb vendimit nr. 077\/22 t\u00eb ZRRE-s\u00eb p\u00ebr [&hellip;]<\/p>\n","protected":false},"author":1,"featured_media":112834,"comment_status":"closed","ping_status":"closed","sticky":false,"template":"","format":"standard","meta":{"footnotes":""},"categories":[5],"tags":[],"class_list":{"0":"post-112833","1":"post","2":"type-post","3":"status-publish","4":"format-standard","5":"has-post-thumbnail","7":"category-lajme"},"_links":{"self":[{"href":"https:\/\/radiostargjilan.com\/web\/wp-json\/wp\/v2\/posts\/112833","targetHints":{"allow":["GET"]}}],"collection":[{"href":"https:\/\/radiostargjilan.com\/web\/wp-json\/wp\/v2\/posts"}],"about":[{"href":"https:\/\/radiostargjilan.com\/web\/wp-json\/wp\/v2\/types\/post"}],"author":[{"embeddable":true,"href":"https:\/\/radiostargjilan.com\/web\/wp-json\/wp\/v2\/users\/1"}],"replies":[{"embeddable":true,"href":"https:\/\/radiostargjilan.com\/web\/wp-json\/wp\/v2\/comments?post=112833"}],"version-history":[{"count":0,"href":"https:\/\/radiostargjilan.com\/web\/wp-json\/wp\/v2\/posts\/112833\/revisions"}],"wp:featuredmedia":[{"embeddable":true,"href":"https:\/\/radiostargjilan.com\/web\/wp-json\/wp\/v2\/media\/112834"}],"wp:attachment":[{"href":"https:\/\/radiostargjilan.com\/web\/wp-json\/wp\/v2\/media?parent=112833"}],"wp:term":[{"taxonomy":"category","embeddable":true,"href":"https:\/\/radiostargjilan.com\/web\/wp-json\/wp\/v2\/categories?post=112833"},{"taxonomy":"post_tag","embeddable":true,"href":"https:\/\/radiostargjilan.com\/web\/wp-json\/wp\/v2\/tags?post=112833"}],"curies":[{"name":"wp","href":"https:\/\/api.w.org\/{rel}","templated":true}]}}