{"id":113695,"date":"2022-04-28T20:40:34","date_gmt":"2022-04-28T18:40:34","guid":{"rendered":"https:\/\/radiostargjilan.com\/web\/?p=113695"},"modified":"2022-04-28T20:40:34","modified_gmt":"2022-04-28T18:40:34","slug":"presidentja-osmani-pritet-ne-takim-nga-kryetarja-e-dhomes-se-perfaqesueseve-te-shba","status":"publish","type":"post","link":"https:\/\/radiostargjilan.com\/web\/presidentja-osmani-pritet-ne-takim-nga-kryetarja-e-dhomes-se-perfaqesueseve-te-shba\/","title":{"rendered":"Presidentja Osmani pritet n\u00eb takim nga kryetarja e Dhom\u00ebs s\u00eb P\u00ebrfaq\u00ebsues\u00ebve t\u00eb SHBA"},"content":{"rendered":"<p>Presidentja Vjosa Osmani \u00ebsht\u00eb pritur sot n\u00eb takim nga Nancy Pelosi, kryetare e Dhom\u00ebs s\u00eb P\u00ebrfaq\u00ebsuesve t\u00eb Shteteve t\u00eb Bashkuara t\u00eb Amerik\u00ebs.<\/p>\n<p>P\u00ebrmes nj\u00eb postimi n\u00eb Facebook, Osmani tregoi se n\u00eb takim Biseduan p\u00ebr raportet e shk\u00eblqyeshme e t\u00eb ve\u00e7anta nd\u00ebrmjet Kosov\u00ebs dhe SHBA.<\/p>\n<p>Postimi i plot\u00eb:<\/p>\n<p>Isha e nderuar t\u00eb pritem n\u00eb takim sot nga Nancy Pelosi, kryetare e Dhom\u00ebs s\u00eb P\u00ebrfaq\u00ebsuesve t\u00eb Shteteve t\u00eb Bashkuara t\u00eb Amerik\u00ebs.<br \/>\n\ud83c\uddfd\ud83c\uddf0\ud83e\udd1d\ud83c\uddfa\ud83c\uddf8<\/p>\n<p>Biseduam p\u00ebr raportet e shk\u00eblqyeshme e t\u00eb ve\u00e7anta nd\u00ebrmjet Kosov\u00ebs dhe Shteteve t\u00eb Bashkuara, si dhe p\u00ebr m\u00ebnyrat se si mund t\u00eb avancojm\u00eb k\u00ebto raporte edhe m\u00eb shum\u00eb. <\/p>\n<p>E kam njoftuar kryetaren Pelosi p\u00ebr sukseset e Kosov\u00ebs si nj\u00eb demokraci e konsoliduar si dhe p\u00ebr reformat q\u00eb po nd\u00ebrmarrim e poashtu p\u00ebr sfidat me t\u00eb cilat p\u00ebrballemi, t\u00eb cilat do t\u2019i tejkalojm\u00eb kur e kemi n\u00eb krah aleatin ton\u00eb kryesor, Shtetet e Bashkuara t\u00eb Amerik\u00ebs.<\/p>\n","protected":false},"excerpt":{"rendered":"<p>Presidentja Vjosa Osmani \u00ebsht\u00eb pritur sot n\u00eb takim nga Nancy Pelosi, kryetare e Dhom\u00ebs s\u00eb P\u00ebrfaq\u00ebsuesve t\u00eb Shteteve t\u00eb Bashkuara t\u00eb Amerik\u00ebs. P\u00ebrmes nj\u00eb postimi n\u00eb Facebook, Osmani tregoi se n\u00eb takim Biseduan p\u00ebr raportet e shk\u00eblqyeshme e t\u00eb ve\u00e7anta nd\u00ebrmjet Kosov\u00ebs dhe SHBA. Postimi i plot\u00eb: Isha e nderuar t\u00eb pritem n\u00eb takim sot [&hellip;]<\/p>\n","protected":false},"author":1,"featured_media":113696,"comment_status":"closed","ping_status":"closed","sticky":false,"template":"","format":"standard","meta":{"footnotes":""},"categories":[5],"tags":[],"class_list":{"0":"post-113695","1":"post","2":"type-post","3":"status-publish","4":"format-standard","5":"has-post-thumbnail","7":"category-lajme"},"_links":{"self":[{"href":"https:\/\/radiostargjilan.com\/web\/wp-json\/wp\/v2\/posts\/113695","targetHints":{"allow":["GET"]}}],"collection":[{"href":"https:\/\/radiostargjilan.com\/web\/wp-json\/wp\/v2\/posts"}],"about":[{"href":"https:\/\/radiostargjilan.com\/web\/wp-json\/wp\/v2\/types\/post"}],"author":[{"embeddable":true,"href":"https:\/\/radiostargjilan.com\/web\/wp-json\/wp\/v2\/users\/1"}],"replies":[{"embeddable":true,"href":"https:\/\/radiostargjilan.com\/web\/wp-json\/wp\/v2\/comments?post=113695"}],"version-history":[{"count":0,"href":"https:\/\/radiostargjilan.com\/web\/wp-json\/wp\/v2\/posts\/113695\/revisions"}],"wp:featuredmedia":[{"embeddable":true,"href":"https:\/\/radiostargjilan.com\/web\/wp-json\/wp\/v2\/media\/113696"}],"wp:attachment":[{"href":"https:\/\/radiostargjilan.com\/web\/wp-json\/wp\/v2\/media?parent=113695"}],"wp:term":[{"taxonomy":"category","embeddable":true,"href":"https:\/\/radiostargjilan.com\/web\/wp-json\/wp\/v2\/categories?post=113695"},{"taxonomy":"post_tag","embeddable":true,"href":"https:\/\/radiostargjilan.com\/web\/wp-json\/wp\/v2\/tags?post=113695"}],"curies":[{"name":"wp","href":"https:\/\/api.w.org\/{rel}","templated":true}]}}