{"id":114318,"date":"2022-05-04T20:26:37","date_gmt":"2022-05-04T18:26:37","guid":{"rendered":"https:\/\/radiostargjilan.com\/web\/?p=114318"},"modified":"2022-05-04T20:26:37","modified_gmt":"2022-05-04T18:26:37","slug":"rudaku-propozon-themelimin-e-muzeut-per-agim-ramadanin","status":"publish","type":"post","link":"https:\/\/radiostargjilan.com\/web\/rudaku-propozon-themelimin-e-muzeut-per-agim-ramadanin\/","title":{"rendered":"Rudaku propozon themelimin e muzeut p\u00ebr Agim Ramadanin"},"content":{"rendered":"<p>Avni Rudaku, aktivist i dalluar p\u00ebr shum\u00eb vjet i Gjilanit e m\u00eb gjer\u00eb, ka shkruar n\u00eb murin e tij t\u00eb fejsbukut: <\/p>\n<p>Aq shum\u00eb ka vepra arti, heroi Agim Ramadani; aq shum\u00eb ka poezi; aq shum\u00eb ka skica n\u00eb sht\u00ebpi, t\u00eb pap\u00ebrfunduara, sakaq do t\u00eb ishte e duhur q\u00eb veprat e tij t\u00eb ruhen n\u00eb nj\u00eb muze n\u00eb fshatin Zheg\u00ebr. Duhet themelim i nj\u00eb muzeu p\u00ebr Agim Ramadanin, ku do t\u00eb ndihmonin p\u00ebrve\u00e7 komun\u00ebs, edhe bashk\u00ebluft\u00ebtar\u00ebt, m\u00ebrgimtar\u00ebt etj. Ka qen\u00eb ikon\u00eb e njohur e U\u00c7K-s\u00eb, Betej\u00ebs s\u00eb Koshares, piktor, poet&#8230; Zhegra do t\u00eb ngjallej edhe m\u00eb shum\u00eb nga vizitor\u00ebt. Ka qen\u00eb dikur edhe komun\u00eb. \u00cbsht\u00eb kryefshat i dhjet\u00ebra fshatrave t\u00eb Karadakut. Nxitet turizmi. Vijn\u00eb nga mbar\u00eb hap\u00ebsirat shqiptare, sepse heroi Ramadani njihet n\u00eb nivel pankomb\u00ebtar. Nj\u00eb muze p\u00ebr Agimin, ia vlen shum\u00eb, sepse siguron ruajtjen e veprave t\u00eb tij t\u00eb gatshme. Ve\u00e7 ekspozita e fundit me kurator Din Azizin, me aq shum\u00eb vepra t\u00eb gatshme dhe skica t\u00eb bukura t\u00eb vendosura n\u00eb korniza, mjafton p\u00ebr nj\u00eb muze. Muzeu mund t&#8217;i ket\u00eb tre sektor\u00eb: artistik, letrar dhe militar. N\u00eb t\u00eb parin, ekspozit\u00eb e p\u00ebrhershme me vepra arti; \u00e7do gj\u00eb e tij, qoft\u00eb edhe nj\u00eb njoll\u00eb ngjyre e hedhur n\u00eb let\u00ebr. N\u00eb t\u00eb dytin, poezi t\u00eb vendosura artistikisht, por edhe librat me p\u00ebrmbledhje poezish t\u00eb tij, me nj\u00eb ul\u00ebse ku dikush si vizitor mund t&#8217;i lexoj\u00eb ato n\u00eb nj\u00eb k\u00ebnd. N\u00eb t\u00eb tretin, vendosen videot, fotot, veshmbathja, \u00e7do gj\u00eb e Agimit, nga mobilizimi e organizimi n\u00eb U\u00c7K e deri te vrasja tragjike. Pa patetiz\u00ebm romantik, por e mb\u00ebshtetur n\u00eb faktet historike, biografike dhe me nj\u00eb interier e eksterier artistik, kreativ e bashk\u00ebkohor. Do t\u00eb mund t\u00eb b\u00ebhej vendosja e veprave n\u00eb m\u00ebnyr\u00eb kreative n\u00eb muze, qoft\u00eb edhe vullnetarisht nga artist\u00ebt e Gjilanit, ose me ndonj\u00eb thirrje publike p\u00ebr arkitekt\u00eb p\u00ebr objektin e ri, ose transformim t\u00eb ndonj\u00eb objekti ekzistues n\u00eb Zheg\u00ebr. Edhe n\u00eb Gjilan b\u00ebn, ama ma natyrsh\u00ebm, ma nxit\u00ebs p\u00ebr turiz\u00ebm n\u00eb Karadak, me iden\u00eb p\u00ebr t&#8217;i ngjallur kulturalisht dhe ekonomikisht fshatrat e komun\u00ebs son\u00eb. E di q\u00eb ka kosto muzeu, por mund t\u00eb b\u00ebhet zgjidhje. Dhe duhet t\u00eb b\u00ebhet nj\u00eb zgjidhje. P\u00ebrndryshe, veprat rrezikojn\u00eb t\u00eb humbasin sa aty, sa k\u00ebtu.<\/p>\n","protected":false},"excerpt":{"rendered":"<p>Avni Rudaku, aktivist i dalluar p\u00ebr shum\u00eb vjet i Gjilanit e m\u00eb gjer\u00eb, ka shkruar n\u00eb murin e tij t\u00eb fejsbukut: Aq shum\u00eb ka vepra arti, heroi Agim Ramadani; aq shum\u00eb ka poezi; aq shum\u00eb ka skica n\u00eb sht\u00ebpi, t\u00eb pap\u00ebrfunduara, sakaq do t\u00eb ishte e duhur q\u00eb veprat e tij t\u00eb ruhen n\u00eb nj\u00eb [&hellip;]<\/p>\n","protected":false},"author":1,"featured_media":114319,"comment_status":"closed","ping_status":"closed","sticky":false,"template":"","format":"standard","meta":{"footnotes":""},"categories":[5],"tags":[],"class_list":{"0":"post-114318","1":"post","2":"type-post","3":"status-publish","4":"format-standard","5":"has-post-thumbnail","7":"category-lajme"},"_links":{"self":[{"href":"https:\/\/radiostargjilan.com\/web\/wp-json\/wp\/v2\/posts\/114318","targetHints":{"allow":["GET"]}}],"collection":[{"href":"https:\/\/radiostargjilan.com\/web\/wp-json\/wp\/v2\/posts"}],"about":[{"href":"https:\/\/radiostargjilan.com\/web\/wp-json\/wp\/v2\/types\/post"}],"author":[{"embeddable":true,"href":"https:\/\/radiostargjilan.com\/web\/wp-json\/wp\/v2\/users\/1"}],"replies":[{"embeddable":true,"href":"https:\/\/radiostargjilan.com\/web\/wp-json\/wp\/v2\/comments?post=114318"}],"version-history":[{"count":0,"href":"https:\/\/radiostargjilan.com\/web\/wp-json\/wp\/v2\/posts\/114318\/revisions"}],"wp:featuredmedia":[{"embeddable":true,"href":"https:\/\/radiostargjilan.com\/web\/wp-json\/wp\/v2\/media\/114319"}],"wp:attachment":[{"href":"https:\/\/radiostargjilan.com\/web\/wp-json\/wp\/v2\/media?parent=114318"}],"wp:term":[{"taxonomy":"category","embeddable":true,"href":"https:\/\/radiostargjilan.com\/web\/wp-json\/wp\/v2\/categories?post=114318"},{"taxonomy":"post_tag","embeddable":true,"href":"https:\/\/radiostargjilan.com\/web\/wp-json\/wp\/v2\/tags?post=114318"}],"curies":[{"name":"wp","href":"https:\/\/api.w.org\/{rel}","templated":true}]}}