{"id":115151,"date":"2022-05-13T13:07:57","date_gmt":"2022-05-13T11:07:57","guid":{"rendered":"https:\/\/radiostargjilan.com\/web\/?p=115151"},"modified":"2022-05-13T13:07:57","modified_gmt":"2022-05-13T11:07:57","slug":"aak-ja-kunder-propozimit-per-pagen-minimale","status":"publish","type":"post","link":"https:\/\/radiostargjilan.com\/web\/aak-ja-kunder-propozimit-per-pagen-minimale\/","title":{"rendered":"AAK-ja kund\u00ebr propozimit p\u00ebr pag\u00ebn minimale"},"content":{"rendered":"<p>Deputeti i Aleanc\u00ebs p\u00ebr Ardhm\u00ebrin\u00eb e Kosov\u00ebs, Bek\u00eb Berisha, thot\u00eb se nuk do ta p\u00ebrkrahin projektligjin p\u00ebr pag\u00ebn minimale.<\/p>\n<p>Berisha thot\u00eb se nga ky projektligj jan\u00eb duke u diskriminuar veteran\u00ebt e luft\u00ebs dhe se deri t\u00eb b\u00ebhet ndryshimi i projektligjit me p\u00ebrfshirjen e tyre nuk do ta p\u00ebrkrahin.<\/p>\n<p>\u201cLigji aktual p\u00ebr trajtimin e tem\u00ebs s\u00eb pag\u00ebs minimale e ka specifikuar q\u00eb pensioni i veteran\u00ebve t\u00eb luft\u00ebs se U\u00c7K-s\u00eb duhet t\u00eb jet\u00eb i barazvlefsh\u00ebm me pag\u00ebn minimale. Projektligjin q\u00eb e keni sjell ju, parasheh q\u00eb t\u00eb largoj\u00eb veteran\u00ebt nga rritja e pensionit t\u00eb tyre\u201d.<\/p>\n<p>Tutje, Berisha shtoi se shumica e veteran\u00ebve jan\u00eb n\u00eb gjendje t\u00eb r\u00ebnd\u00eb sociale dhe nj\u00eb num\u00ebr i madh i tyre varen nga ky pension.<\/p>\n<p>\u201cVeteran\u00ebt pensionin nuk e kan\u00eb si shp\u00ebrblim, ashtu si\u00e7 e kan\u00eb vendet e tjera por e kan\u00eb burim t\u00eb ekzistenc\u00ebs, dhe n\u00eb qoft\u00eb se e marrin k\u00ebt\u00eb pension nuk mund t\u00eb punojn\u00eb diku tjet\u00ebr\u201d.<\/p>\n<p>\u201cNe e shohim k\u00ebt\u00eb qasje si diskriminuese ndaj k\u00ebsaj kategorie t\u00eb nderuar t\u00eb vendit, q\u00eb i dhan\u00eb edhe gjymtyr\u00ebt p\u00ebr lirin\u00eb e vendit, andaj k\u00ebrkojm\u00eb q\u00eb ky nen diskriminues i propozuar nga ju t\u00eb largohet n\u00eb m\u00ebnyr\u00eb q\u00eb pensionet e tyre te jen\u00eb ne vije me pag\u00ebn minimale\u201d, p\u00ebrfundoi Berisha.<\/p>\n","protected":false},"excerpt":{"rendered":"<p>Deputeti i Aleanc\u00ebs p\u00ebr Ardhm\u00ebrin\u00eb e Kosov\u00ebs, Bek\u00eb Berisha, thot\u00eb se nuk do ta p\u00ebrkrahin projektligjin p\u00ebr pag\u00ebn minimale. Berisha thot\u00eb se nga ky projektligj jan\u00eb duke u diskriminuar veteran\u00ebt e luft\u00ebs dhe se deri t\u00eb b\u00ebhet ndryshimi i projektligjit me p\u00ebrfshirjen e tyre nuk do ta p\u00ebrkrahin. \u201cLigji aktual p\u00ebr trajtimin e tem\u00ebs s\u00eb [&hellip;]<\/p>\n","protected":false},"author":1,"featured_media":115152,"comment_status":"closed","ping_status":"closed","sticky":false,"template":"","format":"standard","meta":{"footnotes":""},"categories":[5],"tags":[],"class_list":{"0":"post-115151","1":"post","2":"type-post","3":"status-publish","4":"format-standard","5":"has-post-thumbnail","7":"category-lajme"},"_links":{"self":[{"href":"https:\/\/radiostargjilan.com\/web\/wp-json\/wp\/v2\/posts\/115151","targetHints":{"allow":["GET"]}}],"collection":[{"href":"https:\/\/radiostargjilan.com\/web\/wp-json\/wp\/v2\/posts"}],"about":[{"href":"https:\/\/radiostargjilan.com\/web\/wp-json\/wp\/v2\/types\/post"}],"author":[{"embeddable":true,"href":"https:\/\/radiostargjilan.com\/web\/wp-json\/wp\/v2\/users\/1"}],"replies":[{"embeddable":true,"href":"https:\/\/radiostargjilan.com\/web\/wp-json\/wp\/v2\/comments?post=115151"}],"version-history":[{"count":0,"href":"https:\/\/radiostargjilan.com\/web\/wp-json\/wp\/v2\/posts\/115151\/revisions"}],"wp:featuredmedia":[{"embeddable":true,"href":"https:\/\/radiostargjilan.com\/web\/wp-json\/wp\/v2\/media\/115152"}],"wp:attachment":[{"href":"https:\/\/radiostargjilan.com\/web\/wp-json\/wp\/v2\/media?parent=115151"}],"wp:term":[{"taxonomy":"category","embeddable":true,"href":"https:\/\/radiostargjilan.com\/web\/wp-json\/wp\/v2\/categories?post=115151"},{"taxonomy":"post_tag","embeddable":true,"href":"https:\/\/radiostargjilan.com\/web\/wp-json\/wp\/v2\/tags?post=115151"}],"curies":[{"name":"wp","href":"https:\/\/api.w.org\/{rel}","templated":true}]}}