{"id":115675,"date":"2022-05-18T19:02:39","date_gmt":"2022-05-18T17:02:39","guid":{"rendered":"https:\/\/radiostargjilan.com\/web\/?p=115675"},"modified":"2022-05-18T19:02:39","modified_gmt":"2022-05-18T17:02:39","slug":"arberie-nagavci-bindet-se-pati-diskriminim-ne-festen-e-abetares-pamjet-e-mbremshme-te-papranueshme","status":"publish","type":"post","link":"https:\/\/radiostargjilan.com\/web\/arberie-nagavci-bindet-se-pati-diskriminim-ne-festen-e-abetares-pamjet-e-mbremshme-te-papranueshme\/","title":{"rendered":"Arb\u00ebrie Nagavci bindet se pati diskriminim n\u00eb Fest\u00ebn e Abetares: Pamjet e mbr\u00ebmshme t\u00eb papranueshme"},"content":{"rendered":"<p>Ministrja e Arsimit, Arb\u00ebrie Nagavci, ka shkuar sot n\u00eb shkoll\u00ebn \u201cXhemajl Kada\u201d n\u00eb Pej\u00eb p\u00ebr t\u2019u informuar m\u00eb detajisht, p\u00ebr rastin e diskriminimit t\u00eb f\u00ebmij\u00ebve t\u00eb komuniteteve joshumic\u00eb gjat\u00eb Fest\u00ebs s\u00eb Abetares e cila u mbajt dje.<\/p>\n<p>Ajo gjithashtu ka njoftuar se p\u00ebr k\u00ebt\u00eb \u00e7\u00ebshtje, Ministria e Arsimit ka d\u00ebrguar inspektor\u00ebt p\u00ebr t\u00eb shqyrtuar m\u00eb n\u00eb detaje ndodhin\u00eb.<\/p>\n<p>\u201cP\u00ebr rastin e djesh\u00ebm, MAShTI ka d\u00ebrguar inspektor\u00ebt, t\u00eb cil\u00ebt do t\u00eb shqyrtojn\u00eb n\u00eb detaje informat\u00ebn, nd\u00ebrsa nga vizita n\u00eb shkoll\u00eb u informova se b\u00ebhet fjal\u00eb p\u00ebr nj\u00eb klas\u00eb t\u00eb m\u00ebsimit intenziv, ku ka nx\u00ebn\u00ebs t\u00eb moshave dhe klasave t\u00eb ndryshme, t\u00eb cil\u00ebt jan\u00eb riatdhesuar ose e kan\u00eb braktisur m\u00ebsimin p\u00ebr arsye t\u00eb ndryshme\u201d.<\/p>\n<p>N\u00eb k\u00ebt\u00eb vizit\u00eb, Nagavci tha se ka vizituar disa klasa t\u00eb integruara t\u00eb m\u00ebsimit t\u00eb rregullt dhe se ka biseduar me udh\u00ebheq\u00ebs t\u00eb shkoll\u00ebs, si dhe me m\u00ebsimdh\u00ebn\u00ebs p\u00ebr rastin e ndodhur, por edhe p\u00ebr, si\u00e7 tha, pun\u00ebn q\u00eb b\u00ebhet n\u00eb k\u00ebt\u00eb shkoll\u00eb, e cila ka rreth 1400 nx\u00ebn\u00ebs, prej tyre rreth 230 t\u00eb komunitetit rom, ashkali dhe egjiptian, si dhe rreth 100 boshnjak\u00eb.<\/p>\n<p>\u201cPamjet e mbr\u00ebmshme ishin shqet\u00ebsuese p\u00ebr t\u00eb gjith\u00eb ne. K\u00ebto pamje jan\u00eb t\u00eb papranueshme dhe diskriminimi nuk ka vend n\u00eb shkollat tona. Si Ministri e Arsimit kemi nd\u00ebrmarr\u00eb nj\u00eb varg politikash gjith\u00ebp\u00ebrfshir\u00ebse. Nd\u00ebr t\u00eb tjera, kemi ndar\u00eb 500 bursa p\u00ebr nx\u00ebn\u00ebsit e komunitetit rom, ashkali dhe egjiptian dhe sivjet p\u00ebr her\u00eb t\u00eb par\u00eb do t\u00eb p\u00ebrkrahim me bursa edhe student\u00ebt e k\u00ebtyre komuniteteve, me synim ata t\u00eb Fakultetit t\u00eb Edukimit, n\u00eb m\u00ebnyr\u00eb q\u00eb t\u00eb krijojm\u00eb kuadro q\u00eb do t\u00eb punojn\u00eb n\u00eb shkollat tona\u201d, ka shkruar Nagavci.<\/p>\n<p>Ajo tutje shtoi se \u00ebsht\u00eb e r\u00ebnd\u00ebsishme q\u00eb k\u00ebto politika t\u00eb gjejn\u00eb zbatim n\u00eb t\u00eb gjitha nivelet dhe n\u00eb k\u00ebt\u00eb drejtim \u00ebsht\u00eb po aq i r\u00ebnd\u00ebsish\u00ebm angazhimi i m\u00ebsimdh\u00ebn\u00ebsve, prind\u00ebrve, komunitetit dhe mediave e shoq\u00ebris\u00eb civile.<\/p>\n<p>\u201cMegjithat\u00eb, duhet t\u00eb jemi shum\u00eb t\u00eb sinqert\u00eb dhe t\u00eb ndersh\u00ebm dhe t\u00eb pranojm\u00eb se si shoq\u00ebri kemi akoma shum\u00eb pun\u00eb p\u00ebr t\u00eb b\u00ebr\u00eb n\u00eb fush\u00ebn e gjith\u00ebp\u00ebrfshirjes dhe dh\u00ebnien e mund\u00ebsive t\u00eb barabarta t\u00eb gjith\u00eb f\u00ebmij\u00ebve, e sidomos atyre q\u00eb jan\u00eb t\u00eb margjinalizuar\u201d.<\/p>\n","protected":false},"excerpt":{"rendered":"<p>Ministrja e Arsimit, Arb\u00ebrie Nagavci, ka shkuar sot n\u00eb shkoll\u00ebn \u201cXhemajl Kada\u201d n\u00eb Pej\u00eb p\u00ebr t\u2019u informuar m\u00eb detajisht, p\u00ebr rastin e diskriminimit t\u00eb f\u00ebmij\u00ebve t\u00eb komuniteteve joshumic\u00eb gjat\u00eb Fest\u00ebs s\u00eb Abetares e cila u mbajt dje. Ajo gjithashtu ka njoftuar se p\u00ebr k\u00ebt\u00eb \u00e7\u00ebshtje, Ministria e Arsimit ka d\u00ebrguar inspektor\u00ebt p\u00ebr t\u00eb shqyrtuar m\u00eb [&hellip;]<\/p>\n","protected":false},"author":1,"featured_media":115676,"comment_status":"closed","ping_status":"closed","sticky":false,"template":"","format":"standard","meta":{"footnotes":""},"categories":[5],"tags":[],"class_list":{"0":"post-115675","1":"post","2":"type-post","3":"status-publish","4":"format-standard","5":"has-post-thumbnail","7":"category-lajme"},"_links":{"self":[{"href":"https:\/\/radiostargjilan.com\/web\/wp-json\/wp\/v2\/posts\/115675","targetHints":{"allow":["GET"]}}],"collection":[{"href":"https:\/\/radiostargjilan.com\/web\/wp-json\/wp\/v2\/posts"}],"about":[{"href":"https:\/\/radiostargjilan.com\/web\/wp-json\/wp\/v2\/types\/post"}],"author":[{"embeddable":true,"href":"https:\/\/radiostargjilan.com\/web\/wp-json\/wp\/v2\/users\/1"}],"replies":[{"embeddable":true,"href":"https:\/\/radiostargjilan.com\/web\/wp-json\/wp\/v2\/comments?post=115675"}],"version-history":[{"count":0,"href":"https:\/\/radiostargjilan.com\/web\/wp-json\/wp\/v2\/posts\/115675\/revisions"}],"wp:featuredmedia":[{"embeddable":true,"href":"https:\/\/radiostargjilan.com\/web\/wp-json\/wp\/v2\/media\/115676"}],"wp:attachment":[{"href":"https:\/\/radiostargjilan.com\/web\/wp-json\/wp\/v2\/media?parent=115675"}],"wp:term":[{"taxonomy":"category","embeddable":true,"href":"https:\/\/radiostargjilan.com\/web\/wp-json\/wp\/v2\/categories?post=115675"},{"taxonomy":"post_tag","embeddable":true,"href":"https:\/\/radiostargjilan.com\/web\/wp-json\/wp\/v2\/tags?post=115675"}],"curies":[{"name":"wp","href":"https:\/\/api.w.org\/{rel}","templated":true}]}}