{"id":115678,"date":"2022-05-18T20:04:16","date_gmt":"2022-05-18T18:04:16","guid":{"rendered":"https:\/\/radiostargjilan.com\/web\/?p=115678"},"modified":"2022-05-18T20:04:16","modified_gmt":"2022-05-18T18:04:16","slug":"eksluzive-blend-baftiu-nenshkruan-me-fc-driten","status":"publish","type":"post","link":"https:\/\/radiostargjilan.com\/web\/eksluzive-blend-baftiu-nenshkruan-me-fc-driten\/","title":{"rendered":"EKSLUZIVE: Blend Baftiu n\u00ebnshkruan me FC Drit\u00ebn"},"content":{"rendered":"<p>Blendi Baftiu nuk ka vendosur t\u00eb vazhdoj me skuadr\u00ebn e Ballkanin, po tani ai do t\u00eb filloj me nj\u00eb aventur\u00eb t\u00eb re shkruan Radio Star.<\/p>\n<p>\u201cRadio Star\u201d, merr vesh se Blendi Baftiu tanim\u00eb ka arritur marr\u00ebveshje me  skuadr\u00ebn gjilanase FC Drit\u00ebn.<\/p>\n<p>Detaj dhe marr\u00ebveshja mes klubit t\u00eb FC Drit\u00ebs dhe futbollistit Blendi Baftiu, shum\u00eb shpejt do t\u00eb b\u00ebhen t\u00eb ditur.<\/p>\n<p>Blend Baftiu pritet t\u00eb zyrtarizohet pas p\u00ebrfundimit t\u00eb sezonit 2021\/22 dhe lojtari pritet ti bashkohet dhe ti ndihmoj FC Drit\u00ebs n\u00eb garat Europiane.\/radiostar\/<\/p>\n","protected":false},"excerpt":{"rendered":"<p>Blendi Baftiu nuk ka vendosur t\u00eb vazhdoj me skuadr\u00ebn e Ballkanin, po tani ai do t\u00eb filloj me nj\u00eb aventur\u00eb t\u00eb re shkruan Radio Star. \u201cRadio Star\u201d, merr vesh se Blendi Baftiu tanim\u00eb ka arritur marr\u00ebveshje me skuadr\u00ebn gjilanase FC Drit\u00ebn. Detaj dhe marr\u00ebveshja mes klubit t\u00eb FC Drit\u00ebs dhe futbollistit Blendi Baftiu, shum\u00eb shpejt [&hellip;]<\/p>\n","protected":false},"author":1,"featured_media":115679,"comment_status":"closed","ping_status":"closed","sticky":false,"template":"","format":"standard","meta":{"footnotes":""},"categories":[7],"tags":[],"class_list":{"0":"post-115678","1":"post","2":"type-post","3":"status-publish","4":"format-standard","5":"has-post-thumbnail","7":"category-sports"},"_links":{"self":[{"href":"https:\/\/radiostargjilan.com\/web\/wp-json\/wp\/v2\/posts\/115678","targetHints":{"allow":["GET"]}}],"collection":[{"href":"https:\/\/radiostargjilan.com\/web\/wp-json\/wp\/v2\/posts"}],"about":[{"href":"https:\/\/radiostargjilan.com\/web\/wp-json\/wp\/v2\/types\/post"}],"author":[{"embeddable":true,"href":"https:\/\/radiostargjilan.com\/web\/wp-json\/wp\/v2\/users\/1"}],"replies":[{"embeddable":true,"href":"https:\/\/radiostargjilan.com\/web\/wp-json\/wp\/v2\/comments?post=115678"}],"version-history":[{"count":0,"href":"https:\/\/radiostargjilan.com\/web\/wp-json\/wp\/v2\/posts\/115678\/revisions"}],"wp:featuredmedia":[{"embeddable":true,"href":"https:\/\/radiostargjilan.com\/web\/wp-json\/wp\/v2\/media\/115679"}],"wp:attachment":[{"href":"https:\/\/radiostargjilan.com\/web\/wp-json\/wp\/v2\/media?parent=115678"}],"wp:term":[{"taxonomy":"category","embeddable":true,"href":"https:\/\/radiostargjilan.com\/web\/wp-json\/wp\/v2\/categories?post=115678"},{"taxonomy":"post_tag","embeddable":true,"href":"https:\/\/radiostargjilan.com\/web\/wp-json\/wp\/v2\/tags?post=115678"}],"curies":[{"name":"wp","href":"https:\/\/api.w.org\/{rel}","templated":true}]}}