{"id":115681,"date":"2022-05-18T23:08:26","date_gmt":"2022-05-18T21:08:26","guid":{"rendered":"https:\/\/radiostargjilan.com\/web\/?p=115681"},"modified":"2022-05-18T23:08:26","modified_gmt":"2022-05-18T21:08:26","slug":"kurti-flet-ne-keshillin-e-atlantikut-presim-liberalizimin-e-vizave-dhe-shpresojme-qe-be-ta-pranoje-aplikimin-tone-per-statusin-e-vendit-kandidat","status":"publish","type":"post","link":"https:\/\/radiostargjilan.com\/web\/kurti-flet-ne-keshillin-e-atlantikut-presim-liberalizimin-e-vizave-dhe-shpresojme-qe-be-ta-pranoje-aplikimin-tone-per-statusin-e-vendit-kandidat\/","title":{"rendered":"Kurti flet n\u00eb K\u00ebshillin e Atlantikut: Presim liberalizimin e vizave dhe shpresojm\u00eb q\u00eb BE ta pranoj\u00eb aplikimin ton\u00eb p\u00ebr statusin e vendit kandidat"},"content":{"rendered":"<p>Kryeministri Albin Kurti po flet n\u00eb K\u00ebshillin e Atlantikut, ku po diskuton p\u00ebr prioritetet e politik\u00ebs s\u00eb brendshme dhe t\u00eb jashtme t\u00eb Kosov\u00ebs, si dhe agjend\u00ebn e tij p\u00ebr arritjen e tyre.<\/p>\n<p>Kurti n\u00eb k\u00ebt\u00eb adresim ka renditur sukseset e arritura t\u00eb Kosov\u00ebs n\u00eb raport me sigurin\u00eb dhe paqen\u00eb n\u00eb rajon e bot\u00eb.<\/p>\n<p>\u201cKemi mir\u00ebpritur dhe strehuar shum\u00eb persona nga Afganistani. FSK ka marr\u00eb pjes\u00eb n\u00eb disa misione nd\u00ebrkomb\u00ebtare paqeruajt\u00ebse\u201d.<\/p>\n<p>Ai ka p\u00ebrmendur edhe rreshtimin e Kosov\u00ebs krah\u00eb demokracive per\u00ebndimore p\u00ebr agresionin e Rusis\u00eb, derisa ka p\u00ebrmendur edhe raportet e mira t\u00eb Serbis\u00eb me Rusin\u00eb.<\/p>\n<p>Kurti tha se pret q\u00eb BE-ja ta pranoj\u00eb statusin e Kosov\u00ebs si vend kandidat.<\/p>\n<p>\u201cDo ta mir\u00ebprisnim aplikimin e Ukrain\u00ebs, Moldavis\u00eb dhe Gjeorgjis\u00eb n\u00eb Bashkimin Evropian, dhe shpresojm\u00eb po ashtu q\u00eb BE-ja t\u00eb pranoj\u00eb aplikimin ton\u00eb p\u00ebr statusin e vendit kandidat k\u00ebt\u00eb vit\u201d, tha Kurti.<\/p>\n<p>Kryeministri ka p\u00ebrmendur aplikimin e Kosov\u00ebs p\u00ebr an\u00ebtar\u00ebsim n\u00eb K\u00ebshillin e  Evrop\u00ebs dhe synimin p\u00ebr t\u2019u an\u00ebtar\u00ebsuar n\u00eb programin p\u00ebr Partneritet me NATO-n.<\/p>\n<p>\u201cPresim liberalizimin e vizave nga Bashkimi Evropian\u201d.<\/p>\n<p>\u201cShkurt, jemi fanari i demokracis\u00eb n\u00eb Ballkan. Jemi prej vendeve m\u00eb demokratike n\u00eb Ballkan. Kemi p\u00ebrmir\u00ebsimin m\u00eb t\u00eb madh sa i p\u00ebrket perceptimit t\u00eb korrupsionit nga Transparency International. Vetmi i vet\u00ebm n\u00eb Ballkan q\u00eb jemi p\u00ebrmir\u00ebsuar n\u00eb raportin e Freedom House\u201d.<\/p>\n<p>Kurti ka th\u00ebn\u00eb se jan\u00eb hapur 25 mij\u00eb vende pune n\u00eb Kosov\u00eb.<\/p>\n<p>\u201cKemi hapur 25 mij\u00eb vende pune. P\u00ebrkund\u00ebr progresit q\u00eb ne kemi pasur, Serbia \u00ebsht\u00eb nj\u00eb vend q\u00eb nuk ka m\u00eb mediat t\u00eb lira\u201d, deklaroi nd\u00ebr t\u00eb tjera Albin Kurti.\/Telegrafi\/<\/p>\n","protected":false},"excerpt":{"rendered":"<p>Kryeministri Albin Kurti po flet n\u00eb K\u00ebshillin e Atlantikut, ku po diskuton p\u00ebr prioritetet e politik\u00ebs s\u00eb brendshme dhe t\u00eb jashtme t\u00eb Kosov\u00ebs, si dhe agjend\u00ebn e tij p\u00ebr arritjen e tyre. Kurti n\u00eb k\u00ebt\u00eb adresim ka renditur sukseset e arritura t\u00eb Kosov\u00ebs n\u00eb raport me sigurin\u00eb dhe paqen\u00eb n\u00eb rajon e bot\u00eb. \u201cKemi mir\u00ebpritur [&hellip;]<\/p>\n","protected":false},"author":1,"featured_media":115682,"comment_status":"closed","ping_status":"closed","sticky":false,"template":"","format":"standard","meta":{"footnotes":""},"categories":[5],"tags":[],"class_list":{"0":"post-115681","1":"post","2":"type-post","3":"status-publish","4":"format-standard","5":"has-post-thumbnail","7":"category-lajme"},"_links":{"self":[{"href":"https:\/\/radiostargjilan.com\/web\/wp-json\/wp\/v2\/posts\/115681","targetHints":{"allow":["GET"]}}],"collection":[{"href":"https:\/\/radiostargjilan.com\/web\/wp-json\/wp\/v2\/posts"}],"about":[{"href":"https:\/\/radiostargjilan.com\/web\/wp-json\/wp\/v2\/types\/post"}],"author":[{"embeddable":true,"href":"https:\/\/radiostargjilan.com\/web\/wp-json\/wp\/v2\/users\/1"}],"replies":[{"embeddable":true,"href":"https:\/\/radiostargjilan.com\/web\/wp-json\/wp\/v2\/comments?post=115681"}],"version-history":[{"count":0,"href":"https:\/\/radiostargjilan.com\/web\/wp-json\/wp\/v2\/posts\/115681\/revisions"}],"wp:featuredmedia":[{"embeddable":true,"href":"https:\/\/radiostargjilan.com\/web\/wp-json\/wp\/v2\/media\/115682"}],"wp:attachment":[{"href":"https:\/\/radiostargjilan.com\/web\/wp-json\/wp\/v2\/media?parent=115681"}],"wp:term":[{"taxonomy":"category","embeddable":true,"href":"https:\/\/radiostargjilan.com\/web\/wp-json\/wp\/v2\/categories?post=115681"},{"taxonomy":"post_tag","embeddable":true,"href":"https:\/\/radiostargjilan.com\/web\/wp-json\/wp\/v2\/tags?post=115681"}],"curies":[{"name":"wp","href":"https:\/\/api.w.org\/{rel}","templated":true}]}}