{"id":11588,"date":"2018-02-15T12:21:43","date_gmt":"2018-02-15T12:21:43","guid":{"rendered":"http:\/\/radiostargjilan.com\/web\/?p=11588"},"modified":"2018-02-15T12:21:43","modified_gmt":"2018-02-15T12:21:43","slug":"universiteti-kadri-zeka-ne-gjilan-do-te-shenoj-10-vjetorin-e-pavaresise-se-kosoves","status":"publish","type":"post","link":"https:\/\/radiostargjilan.com\/web\/universiteti-kadri-zeka-ne-gjilan-do-te-shenoj-10-vjetorin-e-pavaresise-se-kosoves\/","title":{"rendered":"Universiteti \u201cKadri Zeka\u201d n\u00eb Gjilan do t\u00eb sh\u00ebnoj \u201c10 Vjetorin e Pavar\u00ebsis\u00eb s\u00eb Kosov\u00ebs\u201d"},"content":{"rendered":"<p>Te nderuar, ju njoftojm\u00eb se Universiteti \u201cKadri Zeka\u201d n\u00eb Gjilan, p\u00ebr nder\u00eb t\u00eb 10 Vjetorit t\u00eb Pavar\u00ebsis\u00eb s\u00eb Kosov\u00ebs, m\u00eb 16.02.2018, dit\u00ebn e premte, ka organizuar disa aktivitete me q\u00ebllim t\u00eb sh\u00ebnimit t\u00eb k\u00ebsaj date historike p\u00ebr vendin ton\u00eb.<\/p>\n<p>Ora 10:00, salla A34, do t\u00eb ndahen mir\u00ebnjohje p\u00ebr eset\u00eb m\u00eb t\u00eb mira, nd\u00ebrsa p\u00ebr tre eset\u00eb e p\u00ebrzgjedhura do t\u00eb ket\u00eb shp\u00ebrblim simbolik financiar p\u00ebr student\u00ebt.<\/p>\n<p>Ora 11:00, salla A34,  b\u00ebhet prezantimin e II-t\u00eb Vjetor i projekteve t\u00eb Fakultetit t\u00eb Shkencave Kompjuterike t\u00eb Universitetit \u201cKadri Zeka\u201d n\u00eb Gjilan.<br \/>\n Prezenca e juaj do t\u00eb inkurajoj\u00eb  profesor\u00ebt dhe sidomos student\u00ebt e Universitetit \u201cKadri Zeka\u201d t\u00eb arrijn\u00eb rezultate edhe m\u00eb t\u00eb m\u00ebdha n\u00eb t\u00eb ardhmen!<\/p>\n<p>Ju mir\u00ebpresim!<\/p>\n","protected":false},"excerpt":{"rendered":"<p>Te nderuar, ju njoftojm\u00eb se Universiteti \u201cKadri Zeka\u201d n\u00eb Gjilan, p\u00ebr nder\u00eb t\u00eb 10 Vjetorit t\u00eb Pavar\u00ebsis\u00eb s\u00eb Kosov\u00ebs, m\u00eb 16.02.2018, dit\u00ebn e premte, ka organizuar disa aktivitete me q\u00ebllim t\u00eb sh\u00ebnimit t\u00eb k\u00ebsaj date historike p\u00ebr vendin ton\u00eb. Ora 10:00, salla A34, do t\u00eb ndahen mir\u00ebnjohje p\u00ebr eset\u00eb m\u00eb t\u00eb mira, nd\u00ebrsa p\u00ebr tre [&hellip;]<\/p>\n","protected":false},"author":1,"featured_media":11589,"comment_status":"closed","ping_status":"closed","sticky":false,"template":"","format":"standard","meta":{"footnotes":""},"categories":[5],"tags":[],"class_list":{"0":"post-11588","1":"post","2":"type-post","3":"status-publish","4":"format-standard","5":"has-post-thumbnail","7":"category-lajme"},"_links":{"self":[{"href":"https:\/\/radiostargjilan.com\/web\/wp-json\/wp\/v2\/posts\/11588","targetHints":{"allow":["GET"]}}],"collection":[{"href":"https:\/\/radiostargjilan.com\/web\/wp-json\/wp\/v2\/posts"}],"about":[{"href":"https:\/\/radiostargjilan.com\/web\/wp-json\/wp\/v2\/types\/post"}],"author":[{"embeddable":true,"href":"https:\/\/radiostargjilan.com\/web\/wp-json\/wp\/v2\/users\/1"}],"replies":[{"embeddable":true,"href":"https:\/\/radiostargjilan.com\/web\/wp-json\/wp\/v2\/comments?post=11588"}],"version-history":[{"count":0,"href":"https:\/\/radiostargjilan.com\/web\/wp-json\/wp\/v2\/posts\/11588\/revisions"}],"wp:featuredmedia":[{"embeddable":true,"href":"https:\/\/radiostargjilan.com\/web\/wp-json\/wp\/v2\/media\/11589"}],"wp:attachment":[{"href":"https:\/\/radiostargjilan.com\/web\/wp-json\/wp\/v2\/media?parent=11588"}],"wp:term":[{"taxonomy":"category","embeddable":true,"href":"https:\/\/radiostargjilan.com\/web\/wp-json\/wp\/v2\/categories?post=11588"},{"taxonomy":"post_tag","embeddable":true,"href":"https:\/\/radiostargjilan.com\/web\/wp-json\/wp\/v2\/tags?post=11588"}],"curies":[{"name":"wp","href":"https:\/\/api.w.org\/{rel}","templated":true}]}}