{"id":116569,"date":"2022-05-28T16:51:03","date_gmt":"2022-05-28T14:51:03","guid":{"rendered":"https:\/\/radiostargjilan.com\/web\/?p=116569"},"modified":"2022-05-28T16:51:03","modified_gmt":"2022-05-28T14:51:03","slug":"presidenti-ademi-jep-interviste-per-fifa-tv-kemi-lidhje-te-vecante-me-fifa-n","status":"publish","type":"post","link":"https:\/\/radiostargjilan.com\/web\/presidenti-ademi-jep-interviste-per-fifa-tv-kemi-lidhje-te-vecante-me-fifa-n\/","title":{"rendered":"Presidenti Ademi jep intervist\u00eb p\u00ebr FIFA.tv: Kemi lidhje t\u00eb ve\u00e7ant\u00eb me FIFA-n"},"content":{"rendered":"<p>Presidenti Agim Ademi gjat\u00eb vizit\u00ebs s\u00eb sotme n\u00eb zyret e reja t\u00eb FIFA-s n\u00eb Paris, ku \u00ebsht\u00eb mir\u00ebpritur nga i pari i k\u00ebtij institucioni, Giani Infantino, e ka dh\u00ebn\u00eb edhe nj\u00eb intervist\u00eb p\u00ebr FIFA TV. Zyra e re e FIFA-s n\u00eb Paris sh\u00ebrben si baz\u00eb strategjike p\u00ebr zhvillimin e m\u00ebtejm\u00eb t\u00eb futbollit dhe me q\u00ebllim q\u00eb organi drejtues i futbollit bot\u00ebror t\u00eb jet\u00eb sa m\u00eb i af\u00ebrt p\u00ebr federatat evropiane. Gjat\u00eb intervist\u00ebs presidenti Ademi u pyet p\u00ebr at\u00eb se si duken zyret e reja t\u00eb FIFA-s n\u00eb Paris dhe \u00e7far\u00eb do t\u00eb thot\u00eb kjo p\u00ebr federatat komb\u00ebtare.\u201dE p\u00ebrg\u00ebzoi FIFA-n p\u00ebr ambientet e reja n\u00eb kryeqytetin francez si dhe e vler\u00ebsoi k\u00ebt\u00eb zyre si nj\u00eb leht\u00ebsim jo vet\u00ebm p\u00ebr stafin e FIFA-s, por edhe p\u00ebr neve federatat evropiane, t\u00eb cilat do t\u00eb kemi nj\u00eb adres\u00eb m\u00eb shum\u00eb p\u00ebr t\u00eb qen\u00eb sa m\u00eb produktiv\u00eb n\u00eb zhvillimin e futbollit. Zyra n\u00eb Paris \u00ebsht\u00eb hapur pik\u00ebrisht p\u00ebr faktin se FIFA d\u00ebshiron t\u00eb jet\u00eb sa m\u00eb af\u00ebr federatave dhe t\u00eb na asistoj\u00eb n\u00eb \u00e7do koh\u00eb\u201c, ka th\u00ebn\u00eb Ademi.<\/p>\n<p>Nd\u00ebrkaq, i pyetur se si jan\u00eb marr\u00ebdh\u00ebniet e FFK-s\u00eb me FIFA-n dhe a ka pasur Kosova dobi pas an\u00ebtar\u00ebsimit n\u00eb k\u00ebt\u00eb institucion, Ademi \u00ebsht\u00eb shprehur: \u201cMarr\u00ebdh\u00ebniet tona jan\u00eb t\u00eb shk\u00eblqyeshme. Jam shum\u00eb i lumtur me trajtimin q\u00eb na e b\u00ebn\u00eb presidenti Infantino, por edhe organet e tjera t\u00eb larta t\u00eb FIFA-s e UEFA-s. Q\u00eb nga an\u00ebtar\u00ebsimi yn\u00eb nuk na \u00ebsht\u00eb refuzuar asnj\u00eb projekt dhe kjo \u00ebsht\u00eb shum\u00eb e r\u00ebnd\u00ebsishme p\u00ebr ne. N\u00ebp\u00ebrmjet k\u00ebtyre projekteve kemi marr\u00eb shum\u00eb donacione p\u00ebrmes t\u00eb cilave e kemi zhvilluar infrastruktur\u00ebn, edukimin e kuadrove por edhe ngritjen e cil\u00ebsis\u00eb, n\u00eb saje t\u00eb mb\u00ebshtetjes financiare p\u00ebr klubet\u201d.<\/p>\n<p>E sa i p\u00ebrket lidhjes me FIFA-n dhe kreun e saj Infantino, presidenti Ademi ka th\u00ebn\u00eb se ato jan\u00eb t\u00eb ve\u00e7anta. \u201cKemi nj\u00eb marr\u00ebdh\u00ebnie shum\u00eb t\u00eb mir\u00eb me FIFA-n dhe me presidentin Infantino, sepse pik\u00ebrisht n\u00eb vitin e par\u00eb t\u00eb mandatit t\u00eb tij Kosova \u00ebsht\u00eb pranuar n\u00eb FIFA, duke qen\u00eb federata e par\u00eb e pranuar n\u00eb mandatin e tij dhe kjo ka ngelur n\u00eb histori, jo vet\u00ebm p\u00ebr neve dhe presidentin Infantino, por edhe p\u00ebr vet\u00eb FIFA-n. Besoj se lidhja jon\u00eb \u00ebsht\u00eb krejt ndryshe, pasi FIFA e trajton Kosov\u00ebn me kujdes t\u00eb ve\u00e7ant\u00eb. Jemi vend i vog\u00ebl, por jemi si \u00e7do federat\u00eb tjet\u00ebr. Gjithsesi, jemi t\u00eb privilegjuar q\u00eb FIFA na sheh me nj\u00eb simpati shum\u00eb t\u00eb madhe\u201d. Gjat\u00eb vizit\u00ebs s\u00eb sotme n\u00eb Paris, presidenti Ademi i ka b\u00ebr\u00eb ftes\u00eb t\u00eb parit t\u00eb FIFA-s p\u00ebr ta vizituar Kosov\u00ebn, t\u00eb cil\u00ebn ai e ka mir\u00ebpritur.<\/p>\n","protected":false},"excerpt":{"rendered":"<p>Presidenti Agim Ademi gjat\u00eb vizit\u00ebs s\u00eb sotme n\u00eb zyret e reja t\u00eb FIFA-s n\u00eb Paris, ku \u00ebsht\u00eb mir\u00ebpritur nga i pari i k\u00ebtij institucioni, Giani Infantino, e ka dh\u00ebn\u00eb edhe nj\u00eb intervist\u00eb p\u00ebr FIFA TV. Zyra e re e FIFA-s n\u00eb Paris sh\u00ebrben si baz\u00eb strategjike p\u00ebr zhvillimin e m\u00ebtejm\u00eb t\u00eb futbollit dhe me q\u00ebllim [&hellip;]<\/p>\n","protected":false},"author":1,"featured_media":116570,"comment_status":"closed","ping_status":"closed","sticky":false,"template":"","format":"standard","meta":{"footnotes":""},"categories":[7],"tags":[],"class_list":{"0":"post-116569","1":"post","2":"type-post","3":"status-publish","4":"format-standard","5":"has-post-thumbnail","7":"category-sports"},"_links":{"self":[{"href":"https:\/\/radiostargjilan.com\/web\/wp-json\/wp\/v2\/posts\/116569","targetHints":{"allow":["GET"]}}],"collection":[{"href":"https:\/\/radiostargjilan.com\/web\/wp-json\/wp\/v2\/posts"}],"about":[{"href":"https:\/\/radiostargjilan.com\/web\/wp-json\/wp\/v2\/types\/post"}],"author":[{"embeddable":true,"href":"https:\/\/radiostargjilan.com\/web\/wp-json\/wp\/v2\/users\/1"}],"replies":[{"embeddable":true,"href":"https:\/\/radiostargjilan.com\/web\/wp-json\/wp\/v2\/comments?post=116569"}],"version-history":[{"count":0,"href":"https:\/\/radiostargjilan.com\/web\/wp-json\/wp\/v2\/posts\/116569\/revisions"}],"wp:featuredmedia":[{"embeddable":true,"href":"https:\/\/radiostargjilan.com\/web\/wp-json\/wp\/v2\/media\/116570"}],"wp:attachment":[{"href":"https:\/\/radiostargjilan.com\/web\/wp-json\/wp\/v2\/media?parent=116569"}],"wp:term":[{"taxonomy":"category","embeddable":true,"href":"https:\/\/radiostargjilan.com\/web\/wp-json\/wp\/v2\/categories?post=116569"},{"taxonomy":"post_tag","embeddable":true,"href":"https:\/\/radiostargjilan.com\/web\/wp-json\/wp\/v2\/tags?post=116569"}],"curies":[{"name":"wp","href":"https:\/\/api.w.org\/{rel}","templated":true}]}}