{"id":116730,"date":"2022-05-30T11:36:21","date_gmt":"2022-05-30T09:36:21","guid":{"rendered":"https:\/\/radiostargjilan.com\/web\/?p=116730"},"modified":"2022-05-30T11:36:21","modified_gmt":"2022-05-30T09:36:21","slug":"e-rende-17-vjecari-ne-rahovec-bie-nga-skelet-dergohet-pa-vetedije-ne-qkuk","status":"publish","type":"post","link":"https:\/\/radiostargjilan.com\/web\/e-rende-17-vjecari-ne-rahovec-bie-nga-skelet-dergohet-pa-vetedije-ne-qkuk\/","title":{"rendered":"E r\u00ebnd\u00eb: 17-vje\u00e7ari n\u00eb Rahovec bie nga skelet, d\u00ebrgohet pa vet\u00ebdije n\u00eb QKUK"},"content":{"rendered":"<p>Pun\u00ebtor\u00ebt n\u00eb Kosov\u00eb po vazhdojn\u00eb ta p\u00ebsojn\u00eb n\u00eb vendet e tyre ku punojn\u00eb, p\u00ebr shkak t\u00eb kushteve jo t\u00eb favorshme t\u00eb pun\u00ebs. Nj\u00eb rast i till\u00eb ka ndodhur edhe n\u00eb Rahovec, por k\u00ebt\u00eb her\u00eb viktim\u00eb \u00ebsht\u00eb nj\u00eb i mitur, i cili \u00ebsht\u00eb rr\u00ebzuar derisa ka qen\u00eb duke punuar n\u00eb sht\u00ebpin\u00eb e xhaxhait t\u00eb tij.<\/p>\n<p>Viktima \u00ebsht\u00eb nj\u00eb 17-vje\u00e7ar, i cili \u00ebsht\u00eb d\u00ebrguar n\u00eb k\u00ebt\u00eb qend\u00ebr pasi \u00ebsht\u00eb rr\u00ebzuar nga \u2018skelet\u2019 n\u00eb objektin ku ka qen\u00eb duke punuar.<\/p>\n<p>I riu \u00ebsht\u00eb d\u00ebrguar pa vet\u00ebdije n\u00eb Emergjenc\u00eb, ku po e vazhdon trajtimin mjek\u00ebsor p\u00ebr shkak t\u00eb plag\u00ebve. Si\u00e7 m\u00ebson Sinjali, viktima fillimisht \u00ebsht\u00eb trajtuar n\u00eb Spitalin e Gjakov\u00ebs, por p\u00ebr shkak t\u00eb gjendjes \u00ebsht\u00eb transferuar n\u00eb Prishtin\u00eb.<\/p>\n<p>Lidhur me rastin, hetuesit policor\u00eb kan\u00eb intervistuar t\u00eb dyshuarin, xhaxhain e t\u00eb miturit, ndaj t\u00eb cilit Prokurori ka urdh\u00ebruar inicimin e rastit \u201cAsgj\u00ebsimi, d\u00ebmtimi ose heqja e pajisjeve mbrojt\u00ebse dhe rrezikimi i siguris\u00eb n\u00eb vendin e pun\u00ebs\u201d.<\/p>\n","protected":false},"excerpt":{"rendered":"<p>Pun\u00ebtor\u00ebt n\u00eb Kosov\u00eb po vazhdojn\u00eb ta p\u00ebsojn\u00eb n\u00eb vendet e tyre ku punojn\u00eb, p\u00ebr shkak t\u00eb kushteve jo t\u00eb favorshme t\u00eb pun\u00ebs. Nj\u00eb rast i till\u00eb ka ndodhur edhe n\u00eb Rahovec, por k\u00ebt\u00eb her\u00eb viktim\u00eb \u00ebsht\u00eb nj\u00eb i mitur, i cili \u00ebsht\u00eb rr\u00ebzuar derisa ka qen\u00eb duke punuar n\u00eb sht\u00ebpin\u00eb e xhaxhait t\u00eb tij. Viktima [&hellip;]<\/p>\n","protected":false},"author":1,"featured_media":116731,"comment_status":"closed","ping_status":"closed","sticky":false,"template":"","format":"standard","meta":{"footnotes":""},"categories":[5],"tags":[],"class_list":{"0":"post-116730","1":"post","2":"type-post","3":"status-publish","4":"format-standard","5":"has-post-thumbnail","7":"category-lajme"},"_links":{"self":[{"href":"https:\/\/radiostargjilan.com\/web\/wp-json\/wp\/v2\/posts\/116730","targetHints":{"allow":["GET"]}}],"collection":[{"href":"https:\/\/radiostargjilan.com\/web\/wp-json\/wp\/v2\/posts"}],"about":[{"href":"https:\/\/radiostargjilan.com\/web\/wp-json\/wp\/v2\/types\/post"}],"author":[{"embeddable":true,"href":"https:\/\/radiostargjilan.com\/web\/wp-json\/wp\/v2\/users\/1"}],"replies":[{"embeddable":true,"href":"https:\/\/radiostargjilan.com\/web\/wp-json\/wp\/v2\/comments?post=116730"}],"version-history":[{"count":0,"href":"https:\/\/radiostargjilan.com\/web\/wp-json\/wp\/v2\/posts\/116730\/revisions"}],"wp:featuredmedia":[{"embeddable":true,"href":"https:\/\/radiostargjilan.com\/web\/wp-json\/wp\/v2\/media\/116731"}],"wp:attachment":[{"href":"https:\/\/radiostargjilan.com\/web\/wp-json\/wp\/v2\/media?parent=116730"}],"wp:term":[{"taxonomy":"category","embeddable":true,"href":"https:\/\/radiostargjilan.com\/web\/wp-json\/wp\/v2\/categories?post=116730"},{"taxonomy":"post_tag","embeddable":true,"href":"https:\/\/radiostargjilan.com\/web\/wp-json\/wp\/v2\/tags?post=116730"}],"curies":[{"name":"wp","href":"https:\/\/api.w.org\/{rel}","templated":true}]}}