{"id":117545,"date":"2022-06-08T22:22:40","date_gmt":"2022-06-08T20:22:40","guid":{"rendered":"https:\/\/radiostargjilan.com\/web\/?p=117545"},"modified":"2022-06-08T22:22:40","modified_gmt":"2022-06-08T20:22:40","slug":"pacolli-me-tre-kryeministra-shqiptare-kosova-ska-pse-i-frikesohet-ballkanit-te-hapur","status":"publish","type":"post","link":"https:\/\/radiostargjilan.com\/web\/pacolli-me-tre-kryeministra-shqiptare-kosova-ska-pse-i-frikesohet-ballkanit-te-hapur\/","title":{"rendered":"Pacolli: Me tre kryeministra shqiptar\u00eb, Kosova s\u2019ka pse i frik\u00ebsohet \u201cBallkanit t\u00eb Hapur\u201d"},"content":{"rendered":"<p>Kryetari i AKR-s\u00eb Behgjet Pacolli \u00ebsht\u00eb shprehur n\u00eb favor t\u00eb p\u00ebrfshirjes s\u00eb Kosov\u00ebs n\u00eb nism\u00ebs \u201cOpen Balkan\u201d.<\/p>\n<p>Pacolli thot\u00eb se edhe Mali i Zi u b\u00eb pjes\u00eb e \u201cOpen Balkan\u201d, nd\u00ebrsa edhe Bosnja ishte aty n\u00eb cil\u00ebsin\u00eb e v\u00ebzhguesit.<\/p>\n<p>Ai thot\u00eb se me tre kryeministra shqiptar\u00eb, Kosova nuk ka nevoj\u00eb t\u00eb frik\u00ebsohet nga iniciativa.<\/p>\n<p>\u201cDua ta shoh edhe Kosov\u00ebn n\u00eb nj\u00eb klub me Shqip\u00ebrin\u00eb, Maqedonin\u00eb e Veriut dhe Malin e Zi, t\u00eb mb\u00ebshtetur fuqish\u00ebm nga SHBA. \u00cbsht\u00eb koha e duhur (kemi 3 Kryeministra shqiptar), aty mund t\u00eb mir\u00ebn vendime vet\u00ebm n\u00eb favor t\u00eb Kosov\u00ebs, mos u frik\u00ebsoni\u201d.<\/p>\n<p>Deputeti i opozit\u00ebs n\u00eb Kuvendin e Kosov\u00ebs thot\u00eb se Kosova mund t\u00eb t\u00ebrhiqet nga nisma kurdo q\u00eb e sheh t\u00eb nevojshme.<\/p>\n<p>\u201cAnglia ishte themeluese e Unionit Europian dhe at\u00ebher\u00eb kur ajo e vler\u00ebsoi doli nga ky union. Edhe Kosova mund ta b\u00ebj\u00eb k\u00ebt\u00eb n\u00ebse v\u00ebren q\u00eb aty k\u00ebrkohet te b\u00ebhet di\u00e7ka q\u00eb shkon n\u00eb d\u00ebm t\u00eb Kosov\u00ebs\u201d.<\/p>\n<p>\u201cKosova nuk guxon t\u00eb hezitoj dhe t\u00eb paragjykoi n\u00eb rrug\u00ebn e integrimit euroatlantik t\u00eb mb\u00ebshtetur nga SHBA. Ajo duhet t\u00eb jet\u00eb aty ku flitet p\u00ebr urat, p\u00ebr integrimet dhe p\u00ebr ardhm\u00ebrin\u00eb evropiane\u201d.<\/p>\n<p>\u201cIzolimi i duhet m\u00eb s\u00eb paku Kosov\u00ebs (Edhe Bledi e Berlini i fundit nuk shkuan n\u00eb favor te Kosov\u00ebs). Nuk ka nevoj\u00eb t\u00eb frik\u00ebsohemi nga vendi ku flitet p\u00ebr sfidat\u201d, ka shkruar tutje Pacolli.<\/p>\n","protected":false},"excerpt":{"rendered":"<p>Kryetari i AKR-s\u00eb Behgjet Pacolli \u00ebsht\u00eb shprehur n\u00eb favor t\u00eb p\u00ebrfshirjes s\u00eb Kosov\u00ebs n\u00eb nism\u00ebs \u201cOpen Balkan\u201d. Pacolli thot\u00eb se edhe Mali i Zi u b\u00eb pjes\u00eb e \u201cOpen Balkan\u201d, nd\u00ebrsa edhe Bosnja ishte aty n\u00eb cil\u00ebsin\u00eb e v\u00ebzhguesit. Ai thot\u00eb se me tre kryeministra shqiptar\u00eb, Kosova nuk ka nevoj\u00eb t\u00eb frik\u00ebsohet nga iniciativa. \u201cDua [&hellip;]<\/p>\n","protected":false},"author":1,"featured_media":117546,"comment_status":"closed","ping_status":"closed","sticky":false,"template":"","format":"standard","meta":{"footnotes":""},"categories":[5],"tags":[],"class_list":{"0":"post-117545","1":"post","2":"type-post","3":"status-publish","4":"format-standard","5":"has-post-thumbnail","7":"category-lajme"},"_links":{"self":[{"href":"https:\/\/radiostargjilan.com\/web\/wp-json\/wp\/v2\/posts\/117545","targetHints":{"allow":["GET"]}}],"collection":[{"href":"https:\/\/radiostargjilan.com\/web\/wp-json\/wp\/v2\/posts"}],"about":[{"href":"https:\/\/radiostargjilan.com\/web\/wp-json\/wp\/v2\/types\/post"}],"author":[{"embeddable":true,"href":"https:\/\/radiostargjilan.com\/web\/wp-json\/wp\/v2\/users\/1"}],"replies":[{"embeddable":true,"href":"https:\/\/radiostargjilan.com\/web\/wp-json\/wp\/v2\/comments?post=117545"}],"version-history":[{"count":0,"href":"https:\/\/radiostargjilan.com\/web\/wp-json\/wp\/v2\/posts\/117545\/revisions"}],"wp:featuredmedia":[{"embeddable":true,"href":"https:\/\/radiostargjilan.com\/web\/wp-json\/wp\/v2\/media\/117546"}],"wp:attachment":[{"href":"https:\/\/radiostargjilan.com\/web\/wp-json\/wp\/v2\/media?parent=117545"}],"wp:term":[{"taxonomy":"category","embeddable":true,"href":"https:\/\/radiostargjilan.com\/web\/wp-json\/wp\/v2\/categories?post=117545"},{"taxonomy":"post_tag","embeddable":true,"href":"https:\/\/radiostargjilan.com\/web\/wp-json\/wp\/v2\/tags?post=117545"}],"curies":[{"name":"wp","href":"https:\/\/api.w.org\/{rel}","templated":true}]}}