{"id":117548,"date":"2022-06-08T22:48:53","date_gmt":"2022-06-08T20:48:53","guid":{"rendered":"https:\/\/radiostargjilan.com\/web\/?p=117548"},"modified":"2022-06-08T22:50:13","modified_gmt":"2022-06-08T20:50:13","slug":"ardit-tahiri-mund-te-largohet-nga-bardhekaltertit-interesim-nga-bundesliga-e-austrise","status":"publish","type":"post","link":"https:\/\/radiostargjilan.com\/web\/ardit-tahiri-mund-te-largohet-nga-bardhekaltertit-interesim-nga-bundesliga-e-austrise\/","title":{"rendered":"Ardit Tahiri mund t\u00eb largohet nga Drita, nj\u00eb skuad\u00ebr nga Bundesliga e Austris\u00eb shpreh interesim"},"content":{"rendered":"<p>Drita \u00ebsht\u00eb nj\u00ebra nga skuadrat m\u00eb aktive n\u00eb tregun e transferimeve.<\/p>\n<p>Gjilanasit kan\u00eb b\u00ebr\u00eb p\u00ebrforcime t\u00eb m\u00ebdha duke afruar emra si Blend Batiu, Besnik Krasniqi, Florjan Smakiqi apo edhe Kastriot Selmani q\u00eb pritet t\u00eb zyrtarizohet s\u00eb shpejti.<\/p>\n<p>Por n\u00ebnkampioni i Kosov\u00ebs mund t\u00eb mbetet pa nj\u00ebrin nga lojtar\u00ebt m\u00eb t\u00eb talentuar n\u00eb Superlig\u00eb.<\/p>\n<p>Sulmuesi i Komb\u00ebtares U21 t\u00eb Kosov\u00ebs, Ardit Tahiri mund t\u00eb largohet nga bardhekalt\u00ebrtit.<\/p>\n<p>Burime t\u00eb Gazet\u00ebs Olle kan\u00eb konfirmuar se nj\u00eb skuad\u00ebr nga Bundesliga e Austris\u00eb ka shprehur interesim p\u00ebr sulmuesin e talentuar.<\/p>\n<p>19-vje\u00e7ari ka pasur nj\u00eb vit fantastik me Drit\u00ebn, ku ka realizuar n\u00ebnt\u00eb gola dhe ka asistuar n\u00eb nj\u00eb tjet\u00ebr n\u00eb BKT Superlig\u00eb, derisa ka nj\u00eb gol edhe n\u00eb Kup\u00ebn e Kosov\u00ebs.<\/p>\n<p>Gjithnj\u00eb sipas burimeve t\u00eb af\u00ebrta me futbollistin, klubi austriak e p\u00eblqen shum\u00eb yllin kosovar dhe \u00ebsht\u00eb gati t\u00eb nis bisedimet me Drit\u00ebn p\u00ebr transferimin e Tahirit.<\/p>\n<p>Drita e vler\u00ebson shum\u00eb talentin e saj dhe v\u00ebshtir\u00eb se do ta lejonte largimin e tij pa u paguar nj\u00eb shum\u00eb p\u00ebr kartonin e tij. \/Gazeta Olle\/<\/p>\n","protected":false},"excerpt":{"rendered":"<p>Drita \u00ebsht\u00eb nj\u00ebra nga skuadrat m\u00eb aktive n\u00eb tregun e transferimeve. Gjilanasit kan\u00eb b\u00ebr\u00eb p\u00ebrforcime t\u00eb m\u00ebdha duke afruar emra si Blend Batiu, Besnik Krasniqi, Florjan Smakiqi apo edhe Kastriot Selmani q\u00eb pritet t\u00eb zyrtarizohet s\u00eb shpejti. Por n\u00ebnkampioni i Kosov\u00ebs mund t\u00eb mbetet pa nj\u00ebrin nga lojtar\u00ebt m\u00eb t\u00eb talentuar n\u00eb Superlig\u00eb. Sulmuesi i [&hellip;]<\/p>\n","protected":false},"author":1,"featured_media":117549,"comment_status":"closed","ping_status":"closed","sticky":false,"template":"","format":"standard","meta":{"footnotes":""},"categories":[7],"tags":[],"class_list":{"0":"post-117548","1":"post","2":"type-post","3":"status-publish","4":"format-standard","5":"has-post-thumbnail","7":"category-sports"},"_links":{"self":[{"href":"https:\/\/radiostargjilan.com\/web\/wp-json\/wp\/v2\/posts\/117548","targetHints":{"allow":["GET"]}}],"collection":[{"href":"https:\/\/radiostargjilan.com\/web\/wp-json\/wp\/v2\/posts"}],"about":[{"href":"https:\/\/radiostargjilan.com\/web\/wp-json\/wp\/v2\/types\/post"}],"author":[{"embeddable":true,"href":"https:\/\/radiostargjilan.com\/web\/wp-json\/wp\/v2\/users\/1"}],"replies":[{"embeddable":true,"href":"https:\/\/radiostargjilan.com\/web\/wp-json\/wp\/v2\/comments?post=117548"}],"version-history":[{"count":0,"href":"https:\/\/radiostargjilan.com\/web\/wp-json\/wp\/v2\/posts\/117548\/revisions"}],"wp:featuredmedia":[{"embeddable":true,"href":"https:\/\/radiostargjilan.com\/web\/wp-json\/wp\/v2\/media\/117549"}],"wp:attachment":[{"href":"https:\/\/radiostargjilan.com\/web\/wp-json\/wp\/v2\/media?parent=117548"}],"wp:term":[{"taxonomy":"category","embeddable":true,"href":"https:\/\/radiostargjilan.com\/web\/wp-json\/wp\/v2\/categories?post=117548"},{"taxonomy":"post_tag","embeddable":true,"href":"https:\/\/radiostargjilan.com\/web\/wp-json\/wp\/v2\/tags?post=117548"}],"curies":[{"name":"wp","href":"https:\/\/api.w.org\/{rel}","templated":true}]}}